{"id":5012,"date":"2023-09-01T00:00:00","date_gmt":"2023-09-01T05:00:00","guid":{"rendered":"https:\/\/zmagazine.online\/?p=5012"},"modified":"2023-08-28T18:10:32","modified_gmt":"2023-08-28T23:10:32","slug":"dia-mundial-de-la-barba","status":"publish","type":"post","link":"https:\/\/zmagazine.online\/index.php\/2023\/09\/01\/dia-mundial-de-la-barba\/","title":{"rendered":"D\u00eda Mundial de la Barba"},"content":{"rendered":"\n<p>Cada primer s\u00e1bado de septiembre los barbudos tienen una cita muy especial y no precisamente en una barber\u00eda, pues se celebra el&nbsp;<strong>D\u00eda Mundial de la Barba<\/strong>&nbsp;\u00a1larga vida a los barbudos!<\/p>\n\n\n\n<p>El principal prop\u00f3sito de este d\u00eda, tan peculiar como curioso, es visibilizar este estilo est\u00e9tico masculino que nunca pasa de moda y que actualmente es una tendencia.<\/p>\n\n\n\n<p>La barba es un elemento imprescindible de la est\u00e9tica masculina. Hay para todos los gustos: barbas frondosas, barbas cortas o discretas, barbas desprolijas y barbas recortadas con formas curiosas \u00bfCu\u00e1l es tu estilo preferido?<\/p>\n\n\n\n<figure class=\"wp-block-image size-large\"><img fetchpriority=\"high\" decoding=\"async\" width=\"1024\" height=\"576\" src=\"https:\/\/zmagazine.online\/wp-content\/uploads\/2023\/08\/barba-hipster_0.jpg-1024x576.webp\" alt=\"\" class=\"wp-image-5014\" srcset=\"https:\/\/zmagazine.online\/wp-content\/uploads\/2023\/08\/barba-hipster_0.jpg-1024x576.webp 1024w, https:\/\/zmagazine.online\/wp-content\/uploads\/2023\/08\/barba-hipster_0.jpg-300x169.webp 300w, https:\/\/zmagazine.online\/wp-content\/uploads\/2023\/08\/barba-hipster_0.jpg-768x432.webp 768w, https:\/\/zmagazine.online\/wp-content\/uploads\/2023\/08\/barba-hipster_0.jpg.webp 1200w\" sizes=\"(max-width: 1024px) 100vw, 1024px\" \/><\/figure>\n\n\n\n<p>Desde tiempos antiguos se ha atribuido a los hombres con barba ciertas cualidades, como sabidur\u00eda, potencia sexual y elevado estatus social. En la actualidad para muchas f\u00e9minas un hombre barbudo puede ser muy sexy y atractivo, para otras la barba es inc\u00f3moda y antihigi\u00e9nica. Lo cierto es que la barba imprime un estilo \u00fanico y particular en el sexo masculino.<\/p>\n\n\n\n<p>Como dato curioso, diversos estudios indican que el vello facial suele tener tantos microbios como en una piel bien afeitada. Es por ello que a continuaci\u00f3n mencionamos algunas recomendaciones b\u00e1sicas de higiene:<\/p>\n\n\n\n<figure class=\"wp-block-image size-large\"><img decoding=\"async\" width=\"1024\" height=\"538\" src=\"https:\/\/zmagazine.online\/wp-content\/uploads\/2023\/08\/barbas-hipster-collage-1024x538.jpg\" alt=\"\" class=\"wp-image-5015\" srcset=\"https:\/\/zmagazine.online\/wp-content\/uploads\/2023\/08\/barbas-hipster-collage-1024x538.jpg 1024w, https:\/\/zmagazine.online\/wp-content\/uploads\/2023\/08\/barbas-hipster-collage-300x158.jpg 300w, https:\/\/zmagazine.online\/wp-content\/uploads\/2023\/08\/barbas-hipster-collage-768x403.jpg 768w, https:\/\/zmagazine.online\/wp-content\/uploads\/2023\/08\/barbas-hipster-collage.jpg 1200w\" sizes=\"(max-width: 1024px) 100vw, 1024px\" \/><\/figure>\n\n\n\n<ul class=\"wp-block-list\">\n<li>Es muy importante lavar y masajear la barba diariamente, para eliminar la acumulaci\u00f3n de suciedad.<\/li>\n\n\n\n<li>Secar muy bien la barba despu\u00e9s de ducharse.<\/li>\n\n\n\n<li>Cepillarla con frecuencia, para eliminar c\u00e9lulas muertas de la piel que quedan entre los vellos faciales.<\/li>\n\n\n\n<li>Limpiarse la barba despu\u00e9s de comer, ya que pueden acumularse restos de alimentos.<\/li>\n\n\n\n<li>Es recomendable recortar y afeitar la barba con regularidad, para mantenerla libre de bacterias.<\/li>\n\n\n\n<li>Mantener una adecuada higiene de las manos, lav\u00e1ndolas con agua y jab\u00f3n de manera frecuente. Esto es debido a que nos tocamos la cara varias veces durante el d\u00eda y de esta manera evitaremos la transmisi\u00f3n de g\u00e9rmenes.<\/li>\n\n\n\n<li>Pueden utilizarse aceites especiales, b\u00e1lsamos o lociones especiales para barba, como complemento de la higiene masculina. Crear\u00e1n una capa protectora y mantendr\u00e1n la barba ordenada.<\/li>\n<\/ul>\n\n\n\n<figure class=\"wp-block-image size-large\"><img decoding=\"async\" width=\"1024\" height=\"664\" src=\"https:\/\/zmagazine.online\/wp-content\/uploads\/2023\/08\/Barba-en-Homine-Madrid-2-scaled-1-1024x664.jpg\" alt=\"\" class=\"wp-image-5016\" srcset=\"https:\/\/zmagazine.online\/wp-content\/uploads\/2023\/08\/Barba-en-Homine-Madrid-2-scaled-1-1024x664.jpg 1024w, https:\/\/zmagazine.online\/wp-content\/uploads\/2023\/08\/Barba-en-Homine-Madrid-2-scaled-1-300x194.jpg 300w, https:\/\/zmagazine.online\/wp-content\/uploads\/2023\/08\/Barba-en-Homine-Madrid-2-scaled-1-768x498.jpg 768w, https:\/\/zmagazine.online\/wp-content\/uploads\/2023\/08\/Barba-en-Homine-Madrid-2-scaled-1-1536x995.jpg 1536w, https:\/\/zmagazine.online\/wp-content\/uploads\/2023\/08\/Barba-en-Homine-Madrid-2-scaled-1-2048x1327.jpg 2048w\" sizes=\"(max-width: 1024px) 100vw, 1024px\" \/><\/figure>\n","protected":false},"excerpt":{"rendered":"<p>Cada primer s\u00e1bado de septiembre los barbudos tienen una cita muy especial y no precisamente en una barber\u00eda, pues se celebra el&nbsp;D\u00eda Mundial de la Barba&nbsp;\u00a1larga vida a los barbudos! El principal prop\u00f3sito de este d\u00eda, tan peculiar como curioso, es visibilizar este estilo est\u00e9tico masculino que nunca pasa de moda y que actualmente es [&hellip;]<\/p>\n","protected":false},"author":3,"featured_media":5013,"comment_status":"open","ping_status":"closed","sticky":false,"template":"","format":"standard","meta":{"_acf_changed":false,"footnotes":""},"categories":[5],"tags":[76,49],"class_list":["post-5012","post","type-post","status-publish","format-standard","has-post-thumbnail","hentry","category-diverdatos","tag-diverdatos","tag-lifestyle"],"acf":[],"_links":{"self":[{"href":"https:\/\/zmagazine.online\/index.php\/wp-json\/wp\/v2\/posts\/5012","targetHints":{"allow":["GET"]}}],"collection":[{"href":"https:\/\/zmagazine.online\/index.php\/wp-json\/wp\/v2\/posts"}],"about":[{"href":"https:\/\/zmagazine.online\/index.php\/wp-json\/wp\/v2\/types\/post"}],"author":[{"embeddable":true,"href":"https:\/\/zmagazine.online\/index.php\/wp-json\/wp\/v2\/users\/3"}],"replies":[{"embeddable":true,"href":"https:\/\/zmagazine.online\/index.php\/wp-json\/wp\/v2\/comments?post=5012"}],"version-history":[{"count":1,"href":"https:\/\/zmagazine.online\/index.php\/wp-json\/wp\/v2\/posts\/5012\/revisions"}],"predecessor-version":[{"id":5017,"href":"https:\/\/zmagazine.online\/index.php\/wp-json\/wp\/v2\/posts\/5012\/revisions\/5017"}],"wp:featuredmedia":[{"embeddable":true,"href":"https:\/\/zmagazine.online\/index.php\/wp-json\/wp\/v2\/media\/5013"}],"wp:attachment":[{"href":"https:\/\/zmagazine.online\/index.php\/wp-json\/wp\/v2\/media?parent=5012"}],"wp:term":[{"taxonomy":"category","embeddable":true,"href":"https:\/\/zmagazine.online\/index.php\/wp-json\/wp\/v2\/categories?post=5012"},{"taxonomy":"post_tag","embeddable":true,"href":"https:\/\/zmagazine.online\/index.php\/wp-json\/wp\/v2\/tags?post=5012"}],"curies":[{"name":"wp","href":"https:\/\/api.w.org\/{rel}","templated":true}]}}