{"id":4886,"date":"2023-08-01T00:00:00","date_gmt":"2023-08-01T05:00:00","guid":{"rendered":"https:\/\/zmagazine.online\/?p=4886"},"modified":"2023-07-18T20:52:07","modified_gmt":"2023-07-19T01:52:07","slug":"10-cosas-que-no-sabias-de-malcolm-el-de-en-medio","status":"publish","type":"post","link":"https:\/\/zmagazine.online\/index.php\/2023\/08\/01\/10-cosas-que-no-sabias-de-malcolm-el-de-en-medio\/","title":{"rendered":"10 cosas que no sab\u00edas de Malcolm el de en medio"},"content":{"rendered":"\n<h5 class=\"wp-block-heading\"><strong>Una de las series de comedia que ha marcado la juventud de muchos televidentes.<\/strong><\/h5>\n\n\n\n<p>No cabe duda de que la serie<em>&nbsp;<a href=\"https:\/\/www.cinepremiere.com.mx\/malcolm-pelicula-frankie-muniz-entrevista.html\" target=\"_blank\" rel=\"noreferrer noopener\">Malcolm el de en medio<\/a><\/em>&nbsp;<strong>fue una de las&nbsp;<em>sitcoms<\/em>&nbsp;m\u00e1s representativas de los de la d\u00e9cada de los 2000<\/strong>&nbsp;y seguramente hay muchas cosas que no sab\u00edas de ella. Es bien sabido que fue una de las pioneras en el formato de una sola c\u00e1mara y que no emple\u00f3 las cl\u00e1sicas risas grabadas y tambi\u00e9n que catapult\u00f3 al estrellato a uno de los actores infantiles m\u00e1s conocidos: Frankie Muniz. Sin embargo, seguramente hay muchos datos y cosas sobre&nbsp;<em><a href=\"https:\/\/www.cinepremiere.com.mx\/malcolm-pelicula-frankie-muniz-entrevista.html\" target=\"_blank\" rel=\"noreferrer noopener\">Malcolm el de en medio<\/a><\/em>&nbsp;que no sab\u00edas.<\/p>\n\n\n\n<p>Aunado a esto, uno de los aspectos por los cuales el&nbsp;<em>show<\/em>&nbsp;es tan aclamado es porque le permiti\u00f3 a los televidentes el gran talento que ten\u00eda Bryan Cranston para el humor, faceta que hace un tiempo ya no explora.<\/p>\n\n\n\n<p>Poseedora de escenas que han marcado la historia del&nbsp;<em>prime time<\/em>&nbsp;tanto en Estados Unidos como en Latinoam\u00e9rica, el programa ha sido el centro de muchos memes, adem\u00e1s de entra\u00f1ables reencuentros y, sobre todo, muchos premios. Adem\u00e1s, como ya&nbsp;<a href=\"https:\/\/www.cinepremiere.com.mx\/secuela-malcolm-el-de-en-medio-frankie-muniz.html\" target=\"_blank\" rel=\"noreferrer noopener\">reportamos<\/a>&nbsp;anteriormente, incluso se ha hablado de una pel\u00edcula basada en&nbsp;<em>Malcolm el de enmedio<\/em>.<\/p>\n\n\n\n<p>A continuaci\u00f3n, te presentamos nuestra lista con&nbsp;<strong>10 cosas que no sab\u00edas de&nbsp;<em>Malcolm el de en medio<\/em><\/strong>.<\/p>\n\n\n\n<h4 class=\"wp-block-heading\">1. El apellido de la familia nunca fue relevante<\/h4>\n\n\n\n<p>Aparentemente, eran los Wilkerson. Esto nunca es mencionado dentro de los episodios liberados (de hecho, su omisi\u00f3n es un chiste recurrente), pero hab\u00eda una escena cortada del piloto donde s\u00ed es dicho por un miembro del elenco.<\/p>\n\n\n\n<p>Vaya, la broma de mantener oculto este dato se llev\u00f3 tan lejos que cuando en cap\u00edtulos posteriores se requer\u00eda que los protagonistas llevaran alguna identificaci\u00f3n o etiqueta, en estas se le\u00eda \u201cNolastname\u201d (Sin apellido), como en la credencial que se ve en la foto, portada por Francis, el hijo mayor.<\/p>\n\n\n\n<figure class=\"wp-block-image size-large\"><img decoding=\"async\" src=\"https:\/\/i.ibb.co\/jJkTbYg\/FAMILIA.jpg\" alt=\"\"\/><\/figure>\n\n\n\n<h4 class=\"wp-block-heading\">2. Filmaban escenas en casas reales<\/h4>\n\n\n\n<p>Cuando el equipo de producci\u00f3n necesitaba retratar alguna fachada o interior que no estuviera en el set, le rentaban sus hogares a ciudadanos que aceptaban el trato.<\/p>\n\n\n\n<p>Para retratar la vivienda de los protagonistas, por ejemplo, se estuvo alquilando una casa en Studio City, California por una cantidad que oscilaba entre los $3,000 y los $4,000 d\u00f3lares.<\/p>\n\n\n\n<p>\u00bfLo mejor? Hubo una vez en que, durante una escena, una teja del techo se perdi\u00f3. Ante esto, se remplaz\u00f3 la parte superior por completo. Sin duda, la familia que vive \u2013o viv\u00eda\u2013 ah\u00ed debe estar muy agradecida con la existencia del serial.<\/p>\n\n\n<div class=\"wp-block-image\">\n<figure class=\"aligncenter size-large\"><img decoding=\"async\" src=\"https:\/\/i.ibb.co\/SXdy01j\/640px-Malcolm-in-the-Middle-maison-de-tournage-par-Lunon.jpg\" alt=\"\"\/><\/figure>\n<\/div>\n\n\n<h4 class=\"wp-block-heading\">3. La sobrina del dise\u00f1ador de vestuario ide\u00f3 uno de los episodios<\/h4>\n\n\n\n<p>La joven, que en aquel entonces ten\u00eda 11 a\u00f1os, escribi\u00f3 un borrador de dos p\u00e1ginas para una historia en la que Lois, la madre, imaginaba haber tenido ni\u00f1as en lugar de ni\u00f1os.<\/p>\n\n\n\n<p>El creador de la serie, Linwood Boomer, ley\u00f3 la idea, qued\u00f3 fascinado e incluso le compr\u00f3 su trabajo a la chica, quien obtuvo un cr\u00e9dito de \u201chistoria por\u2026\u201d en pantalla. El episodio form\u00f3 parte de la cuarta temporada y se llam\u00f3&nbsp;<em>If Boys Were Girls<\/em>.<\/p>\n\n\n\n<figure class=\"wp-block-image size-large\"><img decoding=\"async\" src=\"https:\/\/i.ibb.co\/Gt7Gn70\/hijas-de-lois.png\" alt=\"\"\/><\/figure>\n\n\n\n<h4 class=\"wp-block-heading\">4. La serie est\u00e1 basada en la vida del creador<\/h4>\n\n\n\n<p>As\u00ed como el estelar del&nbsp;<em>show<\/em>, Boomer tambi\u00e9n ten\u00eda un CI bastante elevado (aunque menciona que su madre nunca le quiso revelar el nivel exacto) y era \u2013 como el nombre del programa lo indica \u2013 el de en medio, o sea, segundo menor de cuatro hijos.<\/p>\n\n\n\n<p>Adem\u00e1s, muchas de las peculiares experiencias que el creativo vivi\u00f3 se vieron reflejadas en la narrativa en alg\u00fan punto (s\u00ed, \u00e9l tambi\u00e9n vio a su madre rasurando el vello corporal de su pap\u00e1 en la mesa del comedor).<\/p>\n\n\n\n<h4 class=\"wp-block-heading\">5. Frankie Muniz pens\u00f3 que no hab\u00eda tenido \u00e9xito en la audici\u00f3n<\/h4>\n\n\n\n<p>Cuando sali\u00f3 de la sala de&nbsp;<em>casting<\/em>, el actor le mostr\u00f3 a su mam\u00e1 los pulgares hacia abajo en se\u00f1al de decepci\u00f3n, puesto que pensaba que, al tener 13 a\u00f1os, era muy viejo para interpretar al personaje titular, que estaba escrito como un ni\u00f1o de nueve.<\/p>\n\n\n\n<p>No obstante, el creador y los productores decidieron adaptar la trama a la edad del joven para poder reclutarlo. Cuando Muniz se enter\u00f3 de esto, comenz\u00f3 a brincar en la cama del hotel en el cual se hospedaba.<\/p>\n\n\n\n<h4 class=\"wp-block-heading\">6. Jane Kaczmarek se qued\u00f3 con varias prendas de su vestuario<\/h4>\n\n\n\n<p>Hay veces en que los actores pueden pedir a la producci\u00f3n alg\u00fan art\u00edculo de utiler\u00eda o pieza de vestuario que les haya gustado y que quieran conservar como recuerdo.<\/p>\n\n\n\n<p>Ese fue el caso de quien diera vida a Lois, pero parece ser que ni ella misma lo recordaba, ya que cont\u00f3 que un d\u00eda, mientras estaba viendo un cap\u00edtulo de la&nbsp;<em>sitcom<\/em>, se sorprendi\u00f3 al darse cuenta que el personaje ten\u00eda puesto el mismo atuendo que ella hab\u00eda elegido en la realidad para usar ese d\u00eda.<\/p>\n\n\n\n<h4 class=\"wp-block-heading\">7. Bryan Cranston hizo sus propios stunts<\/h4>\n\n\n\n<p>Salvo por la actuaci\u00f3n de un doble para una vuelta de carro y una ocasi\u00f3n que su personaje se par\u00f3 de manos mientras patinaba, el resto de la secuencia donde se le ve rodando fue realizada por \u00e9l mismo.<\/p>\n\n\n\n<p>Tambi\u00e9n prescindi\u00f3 de ayuda cuando, despu\u00e9s de bromear con uno de los productores sobre la posibilidad de usar un traje cubierto de abejas, lleg\u00f3 a la conclusi\u00f3n de que s\u00ed quer\u00eda hacerlo. Por esa raz\u00f3n, se escribi\u00f3 un guion especial para un episodio en el cual esto sucediera. Al final, s\u00ed se logr\u00f3 y el int\u00e9rprete s\u00f3lo recibi\u00f3 una picadura a pesar de estar rodeado de 10,000 insectos.<\/p>\n\n\n\n<figure class=\"wp-block-image size-large\"><img decoding=\"async\" src=\"https:\/\/i.ibb.co\/w0Ms85T\/96246b53a2ed84e6e1eb142bda31b4768d40aceb.jpg\" alt=\"\"\/><\/figure>\n\n\n\n<h4 class=\"wp-block-heading\">8. Aaron Paul audicion\u00f3 para ser Francis<\/h4>\n\n\n\n<p>Existi\u00f3 la posibilidad de ver a Jesse Pinkman conviviendo con Walter Whi\u2014 perd\u00f3n, con Hal incluso antes de que se creara el aclamado drama de AMC. Paul, aparentemente, estaba \u201cdesesperado\u201d por hacerse con el rol del adolescente convertido en soldado. Sin embargo, los productores no lo tomaron muy en serio y en su lugar, eligieron al actor Christopher Masterson.<\/p>\n\n\n\n<p>Curiosamente, el tiempo intercedi\u00f3, puesto que ambos actores estaban destinados a compartir la pantalla\u2026 y a crear una marca de tequila.<\/p>\n\n\n\n<figure class=\"wp-block-image size-large\"><img decoding=\"async\" src=\"https:\/\/i.ibb.co\/0X13N97\/aaron-paul-malcolm-in-the-middle-1024x597.jpg\" alt=\"\"\/><\/figure>\n\n\n\n<h4 class=\"wp-block-heading\">9. Los rodajes se retrasaban porque Cranston hac\u00eda re\u00edr a sus colegas<\/h4>\n\n\n\n<p>En alguna ocasi\u00f3n, Masterson coment\u00f3 en una entrevista con la BBC que las escenas que filmaba con su padre ficticio eran las que tomaban m\u00e1s tiempo en terminarse debido a que el actor constantemente hac\u00eda que todos rieran a carcajadas. Esto dijo:<\/p>\n\n\n\n<blockquote class=\"wp-block-quote is-layout-flow wp-block-quote-is-layout-flow\">\n<p>\u201cEs imposible parar de re\u00edr. Estas escenas toman mucho tiempo para rodarse, ya que Bryan hace re\u00edr a todos\u201d.<\/p>\n<\/blockquote>\n\n\n\n<p>Por otro lado, existe la an\u00e9cdota de que cuando el histri\u00f3n nominado al premio de la Academia hizo su audici\u00f3n para la serie, Boomer casi se cae de su silla de tanto carcajearse al observar a Cranston improvisar unos di\u00e1logos con una pipa en la boca. Como era de esperarse, fue contratado de inmediato.<\/p>\n\n\n\n<h4 class=\"wp-block-heading\">10. Hubo un crossover con Breaking Bad<\/h4>\n\n\n\n<p>Un extra en el&nbsp;<em>boxset<\/em>&nbsp;en DVD de la serie creada por Vince Gilligan era un clip en el cual se revelaba que todos los eventos de Breaking Bad eran un sue\u00f1o de Hal.<\/p>\n\n\n\n<p>Jane Jane Kaczmarek estuvo de regreso para interpretar a Lois y entrega uno de los di\u00e1logos m\u00e1s hilarantes del&nbsp;<em>sketch<\/em>, cuando el temeroso Hal le confiesa a su esposa que so\u00f1\u00f3 que era un traficante de metanfetamina, ella simplemente responde:<\/p>\n\n\n\n<blockquote class=\"wp-block-quote is-layout-flow wp-block-quote-is-layout-flow\">\n<p>\u201cSab\u00eda que esto pasar\u00eda, s\u00f3lo te dejaste crecer la barba y ya piensas que eres Osama Bin Laden\u201d.<\/p>\n<\/blockquote>\n\n\n<div class=\"wp-block-image\">\n<figure class=\"aligncenter size-large\"><img decoding=\"async\" src=\"https:\/\/i.ibb.co\/Lr0Hh4X\/breaking-bad-malcolm-middle.jpg\" alt=\"\"\/><\/figure>\n<\/div>\n\n\n<p>FUENTE: <a href=\"https:\/\/www.cinepremiere.com.mx\/10-cosas-que-no-sabias-de-malcolm-el-de-enmedio.html\">CINEPREMIERE<\/a><\/p>\n","protected":false},"excerpt":{"rendered":"<p>Una de las series de comedia que ha marcado la juventud de muchos televidentes. No cabe duda de que la serie&nbsp;Malcolm el de en medio&nbsp;fue una de las&nbsp;sitcoms&nbsp;m\u00e1s representativas de los de la d\u00e9cada de los 2000&nbsp;y seguramente hay muchas cosas que no sab\u00edas de ella. Es bien sabido que fue una de las pioneras [&hellip;]<\/p>\n","protected":false},"author":3,"featured_media":4887,"comment_status":"open","ping_status":"closed","sticky":false,"template":"","format":"standard","meta":{"_acf_changed":false,"footnotes":""},"categories":[5],"tags":[235,76,234,317],"class_list":["post-4886","post","type-post","status-publish","format-standard","has-post-thumbnail","hentry","category-diverdatos","tag-culturapop","tag-diverdatos","tag-geek","tag-series"],"acf":[],"_links":{"self":[{"href":"https:\/\/zmagazine.online\/index.php\/wp-json\/wp\/v2\/posts\/4886","targetHints":{"allow":["GET"]}}],"collection":[{"href":"https:\/\/zmagazine.online\/index.php\/wp-json\/wp\/v2\/posts"}],"about":[{"href":"https:\/\/zmagazine.online\/index.php\/wp-json\/wp\/v2\/types\/post"}],"author":[{"embeddable":true,"href":"https:\/\/zmagazine.online\/index.php\/wp-json\/wp\/v2\/users\/3"}],"replies":[{"embeddable":true,"href":"https:\/\/zmagazine.online\/index.php\/wp-json\/wp\/v2\/comments?post=4886"}],"version-history":[{"count":2,"href":"https:\/\/zmagazine.online\/index.php\/wp-json\/wp\/v2\/posts\/4886\/revisions"}],"predecessor-version":[{"id":4890,"href":"https:\/\/zmagazine.online\/index.php\/wp-json\/wp\/v2\/posts\/4886\/revisions\/4890"}],"wp:featuredmedia":[{"embeddable":true,"href":"https:\/\/zmagazine.online\/index.php\/wp-json\/wp\/v2\/media\/4887"}],"wp:attachment":[{"href":"https:\/\/zmagazine.online\/index.php\/wp-json\/wp\/v2\/media?parent=4886"}],"wp:term":[{"taxonomy":"category","embeddable":true,"href":"https:\/\/zmagazine.online\/index.php\/wp-json\/wp\/v2\/categories?post=4886"},{"taxonomy":"post_tag","embeddable":true,"href":"https:\/\/zmagazine.online\/index.php\/wp-json\/wp\/v2\/tags?post=4886"}],"curies":[{"name":"wp","href":"https:\/\/api.w.org\/{rel}","templated":true}]}}