{"id":4021,"date":"2022-11-16T00:43:45","date_gmt":"2022-11-16T05:43:45","guid":{"rendered":"https:\/\/zmagazine.online\/?p=4021"},"modified":"2022-11-24T01:07:14","modified_gmt":"2022-11-24T06:07:14","slug":"dinamarca","status":"publish","type":"post","link":"https:\/\/zmagazine.online\/index.php\/2022\/11\/16\/dinamarca\/","title":{"rendered":"DINAMARCA"},"content":{"rendered":"\n<div class=\"wp-block-columns is-layout-flex wp-container-core-columns-is-layout-9d6595d7 wp-block-columns-is-layout-flex\">\n<div class=\"wp-block-column is-layout-flow wp-block-column-is-layout-flow\" style=\"flex-basis:50%\">\n<p><strong>Capital:&nbsp;<\/strong>Copenhague<strong><br>Poblaci\u00f3n:&nbsp;<\/strong>5 837 213 habitantes<strong><br>Idioma:&nbsp;<\/strong>Dan\u00e9s<strong>&nbsp;&nbsp;&nbsp;&nbsp;&nbsp;&nbsp;&nbsp;&nbsp;&nbsp;&nbsp;&nbsp;&nbsp;&nbsp;&nbsp;&nbsp;&nbsp;&nbsp;&nbsp;&nbsp;&nbsp;&nbsp;&nbsp;&nbsp;&nbsp;&nbsp;&nbsp;&nbsp;&nbsp;&nbsp;&nbsp;&nbsp;&nbsp;<br>Gentilicio:&nbsp;<\/strong>Dan\u00e9s, sa<strong><br>Forma de gobierno:&nbsp;<\/strong>Monarqu\u00eda parlamentaria<strong><br>\u2022 Reina:&nbsp;<\/strong>Margarita II<br><strong>\u2022 Primer ministro:<\/strong>&nbsp;Mette Frederiksen<br><strong>Moneda:&nbsp;<\/strong>Corona danesa<\/p>\n<\/div>\n\n\n\n<div class=\"wp-block-column is-layout-flow wp-block-column-is-layout-flow\" style=\"flex-basis:50%\"><div class=\"wp-block-image\">\n<figure class=\"aligncenter size-large is-resized\"><img fetchpriority=\"high\" decoding=\"async\" src=\"https:\/\/zmagazine.online\/wp-content\/uploads\/2022\/11\/denmark-national-football-team-logo-0-1024x1024.png\" alt=\"\" class=\"wp-image-4022\" width=\"294\" height=\"294\" srcset=\"https:\/\/zmagazine.online\/wp-content\/uploads\/2022\/11\/denmark-national-football-team-logo-0-1024x1024.png 1024w, https:\/\/zmagazine.online\/wp-content\/uploads\/2022\/11\/denmark-national-football-team-logo-0-300x300.png 300w, https:\/\/zmagazine.online\/wp-content\/uploads\/2022\/11\/denmark-national-football-team-logo-0-150x150.png 150w, https:\/\/zmagazine.online\/wp-content\/uploads\/2022\/11\/denmark-national-football-team-logo-0-768x768.png 768w, https:\/\/zmagazine.online\/wp-content\/uploads\/2022\/11\/denmark-national-football-team-logo-0-1536x1536.png 1536w, https:\/\/zmagazine.online\/wp-content\/uploads\/2022\/11\/denmark-national-football-team-logo-0-2048x2048.png 2048w, https:\/\/zmagazine.online\/wp-content\/uploads\/2022\/11\/denmark-national-football-team-logo-0-60x60.png 60w\" sizes=\"(max-width: 294px) 100vw, 294px\" \/><\/figure>\n<\/div><\/div>\n<\/div>\n\n\n\n<p><strong>Dinamarca&nbsp;<\/strong>no jug\u00f3 muchos Mundiales o Eurocopas, pero cuando lo hizo, se acostumbr\u00f3 a realizar ruido del bueno. La selecci\u00f3n del pa\u00eds escandinavo termin\u00f3 entre los 11 primeros puestos en cuatro de las cinco Copas del Mundo que disput\u00f3, teniendo como mejor resultado la<strong>&nbsp;clasificaci\u00f3n a cuartos de final&nbsp;<\/strong>en Francia 1998.<\/p>\n\n\n\n<p><strong>\u00bfLograr\u00e1 mejorar eso en Qatar 2022?\u00a0<\/strong>Su arribo a la semifinal de la \u00faltima Eurocopa demostr\u00f3 que, a pesar de no ser una potencia hist\u00f3rica del f\u00fatbol, tienen con qu\u00e9 so\u00f1ar.<\/p>\n\n\n\n<figure class=\"wp-block-image size-large\"><img decoding=\"async\" src=\"https:\/\/zmagazine.online\/wp-content\/uploads\/2022\/11\/16254259419877-1024x576.jpg\" alt=\"\" class=\"wp-image-4023\"\/><\/figure>\n\n\n\n<h4 class=\"wp-block-heading\">DT. Kasper Hjulmand<\/h4>\n\n\n\n<p><strong>Nacionalidad:\u00a0<\/strong>dan\u00e9s.<br><strong>Edad<\/strong>: 50 a\u00f1os.<br><strong>Contratado:\u00a0<\/strong>12 de septiembre de 2019 (asumi\u00f3 en 2020).<br><strong>R\u00e9cord en el cargo (G-E-P) antes del Mundial:\u00a0<\/strong>22-2-9.<br><strong>T\u00edtulos en el cargo:<\/strong>\u00a0Ninguno.<br><strong>Victoria m\u00e1s notable:\u00a0<\/strong>4-0 sobre Gales, octavos de final de la Eurocopa 2020 (jugada en 2021).<\/p>\n\n\n\n<h4 class=\"wp-block-heading\">El grupo de Dinamarca en el Mundial Qatar 2022<\/h4>\n\n\n\n<figure class=\"wp-block-image size-large\"><img decoding=\"async\" width=\"1024\" height=\"838\" src=\"https:\/\/zmagazine.online\/wp-content\/uploads\/2022\/11\/vecteezy_france-danemark-australia-and-tunisia-map-flag-group-d_12598315-1024x838.jpg\" alt=\"\" class=\"wp-image-4004\" srcset=\"https:\/\/zmagazine.online\/wp-content\/uploads\/2022\/11\/vecteezy_france-danemark-australia-and-tunisia-map-flag-group-d_12598315-1024x838.jpg 1024w, https:\/\/zmagazine.online\/wp-content\/uploads\/2022\/11\/vecteezy_france-danemark-australia-and-tunisia-map-flag-group-d_12598315-300x245.jpg 300w, https:\/\/zmagazine.online\/wp-content\/uploads\/2022\/11\/vecteezy_france-danemark-australia-and-tunisia-map-flag-group-d_12598315-768x628.jpg 768w, https:\/\/zmagazine.online\/wp-content\/uploads\/2022\/11\/vecteezy_france-danemark-australia-and-tunisia-map-flag-group-d_12598315-1536x1257.jpg 1536w, https:\/\/zmagazine.online\/wp-content\/uploads\/2022\/11\/vecteezy_france-danemark-australia-and-tunisia-map-flag-group-d_12598315.jpg 1920w\" sizes=\"(max-width: 1024px) 100vw, 1024px\" \/><\/figure>\n\n\n\n<figure class=\"wp-block-table\"><table><thead><tr><th scope=\"col\">Equipo<\/th><th scope=\"col\">Regi\u00f3n<\/th><th scope=\"col\">Ranking FIFA<\/th><th scope=\"col\">Participaciones<\/th><th scope=\"col\">Mejor resultado<\/th><\/tr><\/thead><tbody><tr><td>Francia<\/td><td>Europa<\/td><td>4\u00b0<\/td><td>16<\/td><td>Campe\u00f3n (2 veces)<\/td><\/tr><tr><td>Australia<\/td><td>Asia<\/td><td>38\u00b0<\/td><td>6<\/td><td>16\u00b0 (2006)<\/td><\/tr><tr><td>Dinamarca<\/td><td>Europa<\/td><td>10\u00b0<\/td><td>6<\/td><td>8\u00b0 (1998)<\/td><\/tr><tr><td>T\u00fanez<\/td><td>\u00c1frica<\/td><td>30\u00b0<\/td><td>6<\/td><td>9\u00b0 (1978)<\/td><\/tr><\/tbody><\/table><\/figure>\n\n\n\n<h4 class=\"wp-block-heading\">Calendario y horarios&nbsp;de los partidos en el Mundial Qatar 2022<\/h4>\n\n\n\n<p><strong>22 de noviembre: empate 0-0 vs. T\u00fanez\u00a0<\/strong>(<a rel=\"noreferrer noopener\" href=\"https:\/\/ng-sportingnews.com\/ar\/futbol\/news\/eriksen-de-casi-retiro-a-volver-al-mundial-dinamarca\/rw7yjvrkaldum6mhwdipki9u\" target=\"_blank\">resumen, goles y an\u00e1lisis<\/a>)<br><strong>26 de noviembre vs. Francia:\u00a0<\/strong>10:00 CDMX | 11:00 Este de EE.UU | 13:00 Argentina | 17:00 Espa\u00f1a<br><strong>30 de noviembre vs. Australia:\u00a0<\/strong>9:00 CDMX | 10:00 Este de EE.UU | 12:00 Argentina | 16:00 Espa\u00f1a<\/p>\n\n\n\n<h4 class=\"wp-block-heading\">El presente de Dinamarca<\/h4>\n\n\n\n<p><strong>Ranking FIFA:\u00a0<\/strong>10\u00b0 (octubre 2022).<br><strong>\u00bfC\u00f3mo se clasific\u00f3 al Mundial?\u00a0<\/strong>Gan\u00f3 el Grupo F de las Eliminatorias europeas.<br><strong>Rendimiento en 2021 (G-E-P):\u00a0<\/strong>13-1-4 (45 GF, 11 GC, +34).<br><strong>Rendimiento en 2022 antes del Mundial:\u00a0<\/strong>5-0-3 (14 GF, 9 GC, +5).<\/p>\n\n\n\n<h4 class=\"wp-block-heading\">La lista de la Selecci\u00f3n de Dinamarca en el Mundial Qatar 2022<\/h4>\n\n\n\n<figure class=\"wp-block-image size-full\"><img decoding=\"async\" src=\"https:\/\/zmagazine.online\/wp-content\/uploads\/2022\/11\/ap22326522603496_dinamarca-09.jpg\" alt=\"\" class=\"wp-image-4024\"\/><figcaption class=\"wp-element-caption\">Denmark players gather prior the World Cup group D soccer match between Denmark and Tunisia, at the Education City Stadium in Al Rayyan, Qatar, Tuesday, Nov. 22, 2022. (AP Photo\/Manu Fernandez)<\/figcaption><\/figure>\n\n\n\n<p>El domingo 13 de noviembre, Dinamarca seleccion\u00f3 a los 26 jugadores que representar\u00e1n al pa\u00eds en la Copa del Mundo.<\/p>\n\n\n\n<figure class=\"wp-block-table\"><table><thead><tr><th scope=\"col\">Jugador<\/th><th scope=\"col\">Posici\u00f3n<\/th><th scope=\"col\">Club<\/th><\/tr><\/thead><tbody><tr><td>Kasper Schmeichel<\/td><td>Portero<\/td><td>Niza (Francia)<\/td><\/tr><tr><td>Frederik Ronnow<\/td><td>Portero<\/td><td>Uni\u00f3n Berl\u00edn (Alemania)<\/td><\/tr><tr><td>Oliver Christensen<\/td><td>Portero<\/td><td>Hertha Berl\u00edn (Alemania)<\/td><\/tr><tr><td>Simon Kjaer<\/td><td>Defensor<\/td><td>Milan (Italia)<\/td><\/tr><tr><td>Andreas Christensen<\/td><td>Defensor<\/td><td>Barcelona (Espa\u00f1a)<\/td><\/tr><tr><td>Jens Stryger Larsen<\/td><td>Defensor<\/td><td>Trabzonspor (Turqu\u00eda)<\/td><\/tr><tr><td>Daniel Wass<\/td><td>Defensor<\/td><td>Brondby<\/td><\/tr><tr><td>Joakim Maehle<\/td><td>Defensor<\/td><td>Atalanta (Italia)<\/td><\/tr><tr><td>Joachim Andersen<\/td><td>Defensor<\/td><td>Crystal Palace (Inglaterra)<\/td><\/tr><tr><td>Rasmus Kristensen<\/td><td>Defensor<\/td><td>Leeds (Inglaterra)<\/td><\/tr><tr><td>Victor Nelsson<\/td><td>Defensor<\/td><td>Galatasaray (Turqu\u00eda)<\/td><\/tr><tr><td>Alexander Bah<\/td><td>Defensor<\/td><td>B\u00e9nfica (Portugal)<\/td><\/tr><tr><td>Christian Eriksen<\/td><td>Volante<\/td><td>Manchester United (Inglaterra)<\/td><\/tr><tr><td>Thomas Delaney*<\/td><td>Volante<\/td><td>Sevilla (Espa\u00f1a)<\/td><\/tr><tr><td>Pierre-Emile Hojbjerg<\/td><td>Volante<\/td><td>Tottenham Hotspur (Inglaterra)<\/td><\/tr><tr><td>Mathias Jensen<\/td><td>Volante<\/td><td>Brentford (Inglaterra)<\/td><\/tr><tr><td>Christian Norgaard<\/td><td>Volante<\/td><td>Brentford (Inglaterra)<\/td><\/tr><tr><td>Yussuf Poulsen<\/td><td>Delantero<\/td><td>RB Leipzig (Alemania)<\/td><\/tr><tr><td>Martin Braithwaite<\/td><td>Delantero<\/td><td>Espanyol (Espa\u00f1a)<\/td><\/tr><tr><td>Andreas Cornelius<\/td><td>Delantero<\/td><td>Copenhague<\/td><\/tr><tr><td>Kasper Dolberg<\/td><td>Delantero<\/td><td>Sevilla (Espa\u00f1a)<\/td><\/tr><tr><td>Andreas Skov Olsen<\/td><td>Delantero<\/td><td>Brujas (B\u00e9lgica)<\/td><\/tr><tr><td>Mikkel Damsgaard<\/td><td>Delantero<\/td><td>Brentford (Inglaterra)<\/td><\/tr><tr><td>Jonas Wind<\/td><td>Delantero<\/td><td>Wolfsburgo (Alemania)<\/td><\/tr><tr><td>Robert Skov<\/td><td>Delantero<\/td><td>Hoffenheim (Alemania)<\/td><\/tr><tr><td>Jesper Lindstrom<\/td><td>Delantero<\/td><td>Eintracht Frankfurt (Alemania)<\/td><\/tr><\/tbody><\/table><figcaption class=\"wp-element-caption\"><em>*Fue desafectado del torneo tras la lesi\u00f3n que sufri\u00f3 en el partido inicial contra T\u00fanez.<\/em><\/figcaption><\/figure>\n\n\n\n<h4 class=\"wp-block-heading\">El equipo habitual de Dinamarca<\/h4>\n\n\n\n<p>Kasper Schmeichel; Joachim Andersen, Andreas Christensen, Simon Kjaer; Daniel Wass, Christian Eriksen, Pierre-Emile Hojbjerg, Joakim Maehle; Andreas Skov Olsen, Andreas Cornelius, Mikkel Damsgaard.<\/p>\n\n\n\n<h4 class=\"wp-block-heading\">Jugador a seguir: Kasper Schmeichel<\/h4>\n\n\n<div class=\"wp-block-image\">\n<figure class=\"aligncenter size-full\"><img decoding=\"async\" src=\"https:\/\/zmagazine.online\/wp-content\/uploads\/2022\/11\/275127_1294544.jpg\" alt=\"\" class=\"wp-image-4025\"\/><\/figure>\n<\/div>\n\n\n<p>El apellido Schmeichel es\u00a0<strong>sin\u00f3nimo de seguridad en Dinamarca<\/strong>: Peter, arquero del Manchester United en la d\u00e9cada del 90, defendi\u00f3 la valla de Dinamarca entre 1987 y 2001, gan\u00f3 una Eurocopa y particip\u00f3 de un Mundial: su hijo Kasper, ya un \u00eddolo del Leicester City, muy probablemente lo superar\u00e1 en Mundiales disputados aunque lejos est\u00e9 de hacerlo en partidos con la Selecci\u00f3n (Peter jug\u00f3 129 y Kasper, de 35 a\u00f1os, lleva 78).<\/p>\n\n\n\n<p>Nacido en Copenhague pero formado fuera de su pa\u00eds y con una carrera profesional realizada al completo en Gran Breta\u00f1a, Schmeichel fue elegido como el mejor jugador de su pa\u00eds cuatro veces consecutivas entre 2016 y 2020 y se destac\u00f3 en Rusia 2018. En ese Mundial fue elegido como figura del encuentro contra Croacia de octavos de final por haberle tapado un penal a Luka Modric en la pr\u00f3rroga y luego atajar dos remates en la definiciones por penales, aunque su equipo perdi\u00f3.<\/p>\n\n\n\n<p>Schmeichel se destaca por\u00a0<strong>sus reflejos\u00a0<\/strong>debajo de los tres palos y por lo bueno que es a la hora del\u00a0<strong>uno contra uno<\/strong>\u00a0ante el delantero, con mucha tendencia a salir a anticipar a los rivales.<\/p>\n\n\n\n<h4 class=\"wp-block-heading\"><strong>Historial de Dinamarca en Mundiales<\/strong><\/h4>\n\n\n\n<figure class=\"wp-block-table\"><table><thead><tr><td><strong>Edici\u00f3n<\/strong><\/td><td><strong>Sede<\/strong><\/td><td><strong>Puesto<\/strong><\/td><\/tr><\/thead><tbody><tr><td>1986<\/td><td>M\u00e9xico<\/td><td>&nbsp; 9\u00b0<\/td><\/tr><tr><td>1998<\/td><td>Francia<\/td><td>&nbsp; 8\u00b0<\/td><\/tr><tr><td>2002<\/td><td>Corea y Jap\u00f3n<\/td><td>&nbsp;10\u00b0<\/td><\/tr><tr><td>2010<\/td><td>Sud\u00e1frica<\/td><td>&nbsp;24\u00b0<\/td><\/tr><tr><td>2018<\/td><td>Rusia<\/td><td>&nbsp;11\u00b0<\/td><\/tr><tr><td>2022<\/td><td>Qatar<\/td><td>&nbsp;<\/td><\/tr><tr><td><strong>Mundiales disputados:<\/strong>&nbsp;6<\/td><\/tr><tr><td><strong>Mejor actuaci\u00f3n:<\/strong>&nbsp;8\u00b0 (1998)<\/td><\/tr><\/tbody><\/table><\/figure>\n\n\n\n<figure class=\"wp-block-image size-large\"><img decoding=\"async\" src=\"https:\/\/zmagazine.online\/wp-content\/uploads\/2022\/11\/eurocopa-suecia-1992-portada-1024x576.jpg\" alt=\"\" class=\"wp-image-4026\"\/><\/figure>\n\n\n\n<p>Fuente: <a href=\"https:\/\/www.sportingnews.com\/mx\/futbol\/news\/seleccion-dinamarca-perfil-mundial-qatar-2022-lista-jugadores-grupo-partidos-figura-formacion-alineacion-estadisticas-historial\/gcielf4voyni0chqcsgt4vck\">Sportingnews<\/a><\/p>\n","protected":false},"excerpt":{"rendered":"<p>Capital:&nbsp;CopenhaguePoblaci\u00f3n:&nbsp;5 837 213 habitantesIdioma:&nbsp;Dan\u00e9s&nbsp;&nbsp;&nbsp;&nbsp;&nbsp;&nbsp;&nbsp;&nbsp;&nbsp;&nbsp;&nbsp;&nbsp;&nbsp;&nbsp;&nbsp;&nbsp;&nbsp;&nbsp;&nbsp;&nbsp;&nbsp;&nbsp;&nbsp;&nbsp;&nbsp;&nbsp;&nbsp;&nbsp;&nbsp;&nbsp;&nbsp;&nbsp;Gentilicio:&nbsp;Dan\u00e9s, saForma de gobierno:&nbsp;Monarqu\u00eda parlamentaria\u2022 Reina:&nbsp;Margarita II\u2022 Primer ministro:&nbsp;Mette FrederiksenMoneda:&nbsp;Corona danesa Dinamarca&nbsp;no jug\u00f3 muchos Mundiales o Eurocopas, pero cuando lo hizo, se acostumbr\u00f3 a realizar ruido del bueno. La selecci\u00f3n del pa\u00eds escandinavo termin\u00f3 entre los 11 primeros puestos en cuatro de las cinco Copas del Mundo que disput\u00f3, teniendo como mejor [&hellip;]<\/p>\n","protected":false},"author":3,"featured_media":4027,"comment_status":"open","ping_status":"closed","sticky":false,"template":"","format":"standard","meta":{"_acf_changed":false,"footnotes":""},"categories":[266,270],"tags":[80,90],"class_list":["post-4021","post","type-post","status-publish","format-standard","has-post-thumbnail","hentry","category-especial-copa-del-mundo-2022","category-grupo-d","tag-deportes","tag-futbol"],"acf":[],"_links":{"self":[{"href":"https:\/\/zmagazine.online\/index.php\/wp-json\/wp\/v2\/posts\/4021","targetHints":{"allow":["GET"]}}],"collection":[{"href":"https:\/\/zmagazine.online\/index.php\/wp-json\/wp\/v2\/posts"}],"about":[{"href":"https:\/\/zmagazine.online\/index.php\/wp-json\/wp\/v2\/types\/post"}],"author":[{"embeddable":true,"href":"https:\/\/zmagazine.online\/index.php\/wp-json\/wp\/v2\/users\/3"}],"replies":[{"embeddable":true,"href":"https:\/\/zmagazine.online\/index.php\/wp-json\/wp\/v2\/comments?post=4021"}],"version-history":[{"count":1,"href":"https:\/\/zmagazine.online\/index.php\/wp-json\/wp\/v2\/posts\/4021\/revisions"}],"predecessor-version":[{"id":4028,"href":"https:\/\/zmagazine.online\/index.php\/wp-json\/wp\/v2\/posts\/4021\/revisions\/4028"}],"wp:featuredmedia":[{"embeddable":true,"href":"https:\/\/zmagazine.online\/index.php\/wp-json\/wp\/v2\/media\/4027"}],"wp:attachment":[{"href":"https:\/\/zmagazine.online\/index.php\/wp-json\/wp\/v2\/media?parent=4021"}],"wp:term":[{"taxonomy":"category","embeddable":true,"href":"https:\/\/zmagazine.online\/index.php\/wp-json\/wp\/v2\/categories?post=4021"},{"taxonomy":"post_tag","embeddable":true,"href":"https:\/\/zmagazine.online\/index.php\/wp-json\/wp\/v2\/tags?post=4021"}],"curies":[{"name":"wp","href":"https:\/\/api.w.org\/{rel}","templated":true}]}}