{"id":3925,"date":"2022-11-15T11:02:31","date_gmt":"2022-11-15T16:02:31","guid":{"rendered":"https:\/\/zmagazine.online\/?p=3925"},"modified":"2022-11-18T11:37:26","modified_gmt":"2022-11-18T16:37:26","slug":"iran","status":"publish","type":"post","link":"https:\/\/zmagazine.online\/index.php\/2022\/11\/15\/iran\/","title":{"rendered":"IR\u00c1N"},"content":{"rendered":"\n<div class=\"wp-block-columns is-layout-flex wp-container-core-columns-is-layout-9d6595d7 wp-block-columns-is-layout-flex\">\n<div class=\"wp-block-column is-layout-flow wp-block-column-is-layout-flow\" style=\"flex-basis:50%\">\n<p><strong>Capital:&nbsp;<\/strong>Teher\u00e1n<br><strong>Poblaci\u00f3n:&nbsp;<\/strong>86&nbsp;758&nbsp;304 habitantes<br><strong>Idioma:<\/strong>&nbsp;Persa&nbsp;&nbsp;&nbsp; &nbsp;&nbsp;&nbsp;&nbsp;&nbsp;&nbsp;&nbsp;&nbsp;&nbsp;&nbsp;&nbsp;&nbsp;&nbsp;&nbsp;&nbsp;&nbsp;&nbsp;&nbsp;&nbsp;&nbsp;&nbsp;&nbsp;&nbsp;&nbsp;&nbsp;&nbsp;&nbsp;&nbsp;&nbsp;&nbsp;&nbsp;&nbsp;&nbsp;<br><strong>Gentilicio:&nbsp;<\/strong>Iran\u00ed<strong><br>Forma de gobierno:&nbsp;&nbsp;<\/strong>Rep\u00fablica isl\u00e1mica presidencialista<br><strong>\u2022 L\u00edder Supremo:&nbsp;&nbsp;<\/strong>Al\u00ed Jamenei<br><strong>\u2022 Presidente:&nbsp;<\/strong>Ebrahim Raisi<br><strong>Moneda:&nbsp;<\/strong>Rial (IRR)<\/p>\n<\/div>\n\n\n\n<div class=\"wp-block-column is-layout-flow wp-block-column-is-layout-flow\" style=\"flex-basis:50%\"><div class=\"wp-block-image\">\n<figure class=\"aligncenter size-full is-resized\"><img fetchpriority=\"high\" decoding=\"async\" src=\"https:\/\/zmagazine.online\/wp-content\/uploads\/2022\/11\/IRN.png\" alt=\"\" class=\"wp-image-3926\" width=\"275\" height=\"275\" srcset=\"https:\/\/zmagazine.online\/wp-content\/uploads\/2022\/11\/IRN.png 512w, https:\/\/zmagazine.online\/wp-content\/uploads\/2022\/11\/IRN-300x300.png 300w, https:\/\/zmagazine.online\/wp-content\/uploads\/2022\/11\/IRN-150x150.png 150w, https:\/\/zmagazine.online\/wp-content\/uploads\/2022\/11\/IRN-60x60.png 60w\" sizes=\"(max-width: 275px) 100vw, 275px\" \/><\/figure>\n<\/div><\/div>\n<\/div>\n\n\n\n<p>En los \u00faltimos a\u00f1os,<strong>&nbsp;Ir\u00e1n<\/strong>&nbsp;termin\u00f3 de afirmarse como&nbsp;<strong>la potencia del f\u00fatbol asi\u00e1tico<\/strong>&nbsp;que hab\u00eda sido en la d\u00e9cada del 70, cuando gan\u00f3 tres copas continentales consecutivas y consigui\u00f3 un empate hist\u00f3rico ante Escocia en el Mundial de 1978. Ahora el&nbsp;<em>Team Melli disputa<\/em>&nbsp;su<strong>&nbsp;tercer Mundial consecutivo<\/strong>.<\/p>\n\n\n\n<p><strong>\u00bfPodr\u00e1n por primera vez avanzar de fase en una Copa del Mundo?&nbsp;<\/strong>En Brasil 2014 le dieron un susto a Argentina, que necesit\u00f3 de un gol de Lionel Messi en el final del partido para ganar, y en Rusia 2018 derrotaron a Marruecos y so\u00f1aron hasta el final con tener alguna chance de eliminar a Espa\u00f1a o Portugal, al empatar con los lusos y finalizar con cuatro puntos. Con el portugu\u00e9s<strong>&nbsp;Carlos Queiroz como nuevo entrenador<\/strong>&nbsp;y con varios de los jugadores m\u00e1s destacados del equipo en el \u00faltimo Mundial, los iran\u00edes&nbsp;<strong>llegaron a Qatar por su sue\u00f1o jugando m\u00e1s cerca de casa que nunca.<\/strong><\/p>\n\n\n\n<figure class=\"wp-block-image size-full\"><img decoding=\"async\" src=\"https:\/\/zmagazine.online\/wp-content\/uploads\/2022\/11\/5a7d58bc16849.jpeg\" alt=\"\" class=\"wp-image-3927\"\/><\/figure>\n\n\n\n<h4 class=\"wp-block-heading\">DT. Carlos Queiroz<\/h4>\n\n\n\n<p><strong>Nacionalidad:\u00a0<\/strong>portugu\u00e9s.<br><strong>Edad<\/strong>: 69 a\u00f1os.<br><strong>Contratado:\u00a0<\/strong>7 de septiembre\u00a0de 2022.<br><strong>R\u00e9cord en el cargo (G-E-P) antes del Mundial:\u00a0<\/strong>62-28-13<br><strong>T\u00edtulos en el cargo:<\/strong>\u00a0Ninguno.<br><strong>Victoria m\u00e1s notable:\u00a0<\/strong>1-0 sobre Marruecos, Mundial 2018.<\/p>\n\n\n\n<p>Ir\u00e1n no parece atravesar un clima ideal de cara al&nbsp;<strong>Mundial de Qatar 2022<\/strong>. A principios de julio, a pocos meses para la Copa del Mundo,&nbsp;ces\u00f3 a su DT, el croata&nbsp;<strong>Dragan Skocic<\/strong>. Sin embargo, menos de una semana m\u00e1s tarde, lo recontrat\u00f3&#8230;<\/p>\n\n\n\n<p>Finalmente, en septiembre, las autoridades despidieron a Skocic y contrataron al portugu\u00e9s&nbsp;<strong>Carlos Queiroz<\/strong>. A poco para el comienzo de la Copa del Mundo, el v\u00ednculo parece estar supeditado a lo que pase en Qatar: el portugu\u00e9s solamente fue contratado hasta finales de 2022.&nbsp; &nbsp;&nbsp;<\/p>\n\n\n\n<p>El luso dirigi\u00f3 a los iran\u00edes durante ocho a\u00f1os, en los que consigui\u00f3 clasificar al\u00a0<em>\u00abTeam Melli\u00bb\u00a0<\/em>para los Mundiales de Brasil 2014 y Rusia 2018, en los que cay\u00f3 en la fase de grupos. Adem\u00e1s, Queiroz fue seleccionador de pa\u00edses como Colombia y Portugal, adem\u00e1s de entrenar al Real Madrid.<\/p>\n\n\n\n<h4 class=\"wp-block-heading\">El grupo de Ir\u00e1n en el Mundial Qatar 2022<\/h4>\n\n\n\n<figure class=\"wp-block-image size-large\"><img decoding=\"async\" width=\"1024\" height=\"838\" src=\"https:\/\/zmagazine.online\/wp-content\/uploads\/2022\/11\/vecteezy_united-states-england-wales-and-iran-map-flag-group-b-symbol_12598284-1024x838.jpg\" alt=\"\" class=\"wp-image-3919\" srcset=\"https:\/\/zmagazine.online\/wp-content\/uploads\/2022\/11\/vecteezy_united-states-england-wales-and-iran-map-flag-group-b-symbol_12598284-1024x838.jpg 1024w, https:\/\/zmagazine.online\/wp-content\/uploads\/2022\/11\/vecteezy_united-states-england-wales-and-iran-map-flag-group-b-symbol_12598284-300x245.jpg 300w, https:\/\/zmagazine.online\/wp-content\/uploads\/2022\/11\/vecteezy_united-states-england-wales-and-iran-map-flag-group-b-symbol_12598284-768x628.jpg 768w, https:\/\/zmagazine.online\/wp-content\/uploads\/2022\/11\/vecteezy_united-states-england-wales-and-iran-map-flag-group-b-symbol_12598284-1536x1257.jpg 1536w, https:\/\/zmagazine.online\/wp-content\/uploads\/2022\/11\/vecteezy_united-states-england-wales-and-iran-map-flag-group-b-symbol_12598284.jpg 1920w\" sizes=\"(max-width: 1024px) 100vw, 1024px\" \/><\/figure>\n\n\n\n<figure class=\"wp-block-table\"><table><thead><tr><td><strong>Grupo B<\/strong><\/td><\/tr><tr><td><strong>Equipo<\/strong><\/td><td><strong>Regi\u00f3n<\/strong><\/td><td><strong>Ranking FIFA<\/strong><\/td><td><strong>Participaciones<\/strong><\/td><td><strong>Mejor resultado<\/strong><\/td><\/tr><\/thead><tbody><tr><td>Inglaterra<\/td><td>Europa<\/td><td>5\u00b0<\/td><td>16<\/td><td>Campe\u00f3n (1966)<\/td><\/tr><tr><td>Ir\u00e1n<\/td><td>Asia<\/td><td>20\u00b0<\/td><td>6<\/td><td>14\u00b0 (1978)<\/td><\/tr><tr><td>Estados Unidos<\/td><td>Norteam\u00e9rica<\/td><td>16\u00b0<\/td><td>11<\/td><td>3\u00b0 (1930)<\/td><\/tr><tr><td>Gales<\/td><td>Europa<\/td><td>19\u00b0<\/td><td>2<\/td><td>6\u00b0 (1958)<\/td><\/tr><\/tbody><\/table><\/figure>\n\n\n\n<h4 class=\"wp-block-heading\">Calendario y horario de los partidos en el Mundial Qatar 2022<\/h4>\n\n\n\n<p><strong>21 de noviembre vs. Inglaterra:<\/strong>&nbsp;7:00 CDMX | 8:00 Canc\u00fan<\/p>\n\n\n\n<p><strong>25 de noviembre vs. Gales:&nbsp;<\/strong>4:00 CDMX | 5:00 Canc\u00fan<\/p>\n\n\n\n<p><strong>29 de noviembre vs. Estados Unidos:&nbsp;<\/strong>13:00 CDMX | 14:00 Canc\u00fan<\/p>\n\n\n\n<h4 class=\"wp-block-heading\">El presente de Ir\u00e1n<\/h4>\n\n\n\n<p><strong>Ranking FIFA:&nbsp;<\/strong>20\u00b0 (octubre 2022)<\/p>\n\n\n\n<p><strong>\u00bfC\u00f3mo se clasific\u00f3 al Mundial?&nbsp;<\/strong>Termin\u00f3 entre los dos primeros del Grupo A de las Eliminatorias Asi\u00e1ticas.<\/p>\n\n\n\n<p><strong>Rendimiento en 2021 (G-E-P):&nbsp;<\/strong>10-1-0 (31 GF, 3 GC, +28)<\/p>\n\n\n\n<p><strong>Rendimiento en 2022 antes del Mundial:\u00a0<\/strong>5-1-2 (8 GF, 5 GC, +3)<\/p>\n\n\n\n<h4 class=\"wp-block-heading\">La lista de la Selecci\u00f3n de Ir\u00e1n en el Mundial Qatar 2022<\/h4>\n\n\n\n<figure class=\"wp-block-image size-full\"><img decoding=\"async\" src=\"https:\/\/zmagazine.online\/wp-content\/uploads\/2022\/11\/seleccion-iran.jpeg\" alt=\"\" class=\"wp-image-3928\"\/><\/figure>\n\n\n\n<figure class=\"wp-block-table\"><table><thead><tr><th scope=\"col\">Jugador<\/th><th scope=\"col\">Posici\u00f3n<\/th><th scope=\"col\">Equipo<\/th><\/tr><\/thead><tbody><tr><td>Alireza Beiranvand<\/td><td>Portero<\/td><td>Pers\u00e9polis<\/td><\/tr><tr><td>Amir Abedzadeh<\/td><td>Portero<\/td><td>Ponferradina (Espa\u00f1a)<\/td><\/tr><tr><td>Hossein Hosseini<\/td><td>Portero<\/td><td>Esteghlal<\/td><\/tr><tr><td>Payam Niazmand<\/td><td>Portero<\/td><td>Sepahan<\/td><\/tr><tr><td>Majid Hosseini<\/td><td>Defensor<\/td><td>Kayserispor (Turqu\u00eda)<\/td><\/tr><tr><td>Hossein Kanaani<\/td><td>Defensor<\/td><td>Al-Ahli SC (Qatar)<\/td><\/tr><tr><td>Shoja Khalilzadeh<\/td><td>Defensor<\/td><td>Al-Ahli SC (Qatar)<\/td><\/tr><tr><td>Morteza Pouraliganji<\/td><td>Defensor<\/td><td>Pers\u00e9polis<\/td><\/tr><tr><td>Sadegh Moharrami<\/td><td>Defensor<\/td><td>Dinamo Zagreb (Croacia)<\/td><\/tr><tr><td>Milad Mohammadi<\/td><td>Defensor<\/td><td>AEK Atenas (Grecia)<\/td><\/tr><tr><td>Ehsan Hajsafi<\/td><td>Defensor<\/td><td>AEK Atenas (Grecia)<\/td><\/tr><tr><td>Ramin Rezaeian<\/td><td>Defensor<\/td><td>Sepahan<\/td><\/tr><tr><td>Abolfazl Jalali<\/td><td>Defensor<\/td><td>Esteghlal<\/td><\/tr><tr><td>Saeid Ezatolahi<\/td><td>Mediocampista<\/td><td>Vejle BK (Dinamarca)<\/td><\/tr><tr><td>Ali Karimi<\/td><td>Mediocampista<\/td><td>Kayserispor (Turqu\u00eda)<\/td><\/tr><tr><td>Ahmad Nourollahi<\/td><td>Mediocampista<\/td><td>Shabab Dubai (E.&nbsp;\u00c1rabes&nbsp;Unidos)<\/td><\/tr><tr><td>Rouzbeh Cheshmi<\/td><td>Mediocampista<\/td><td>Esteghlal<\/td><\/tr><tr><td>Saman Ghoddos<\/td><td>Mediocampista<\/td><td>Brentford (Inglaterra)<\/td><\/tr><tr><td>Vahid Amiri<\/td><td>Delantero<\/td><td>Pers\u00e9polis<\/td><\/tr><tr><td>Alireza Jahanbakhsh<\/td><td>Delantero<\/td><td>Feyenoord (Pa\u00edses Bajos)<\/td><\/tr><tr><td>Ali Gholizadeh<\/td><td>Delantero<\/td><td>RSC Charleroi (B\u00e9lgica)<\/td><\/tr><tr><td>Mehdi Torabi<\/td><td>Delantero<\/td><td>Pers\u00e9polis<\/td><\/tr><tr><td>Sardar Azmoun<\/td><td>Delantero<\/td><td>Bayer Leverkusen (Alemania)<\/td><\/tr><tr><td>Mehdi Taremi<\/td><td>Delantero<\/td><td>Porto (Portugal)<\/td><\/tr><tr><td>Karim Ansarifard<\/td><td>Delantero<\/td><td>Omonia Nicosia (Chipre)<\/td><\/tr><\/tbody><\/table><\/figure>\n\n\n\n<h4 class=\"wp-block-heading\">Jugador a seguir:\u00a0Mehdi Taremi<\/h4>\n\n\n<div class=\"wp-block-image\">\n<figure class=\"aligncenter size-full\"><img decoding=\"async\" src=\"https:\/\/zmagazine.online\/wp-content\/uploads\/2022\/11\/teremi.jpg\" alt=\"\" class=\"wp-image-3929\"\/><\/figure>\n<\/div>\n\n\n<p>Potente, sereno en el \u00e1rea, inteligente para desmarcarse, de buen control en el primer toque y para nada negado fuera del \u00e1rea. Mehdi Taremi&nbsp;<strong>es un delantero complet\u00edsimo<\/strong>&nbsp;m\u00e1s all\u00e1 de que su mejor rendimiento llega dentro del \u00e1rea gracias a sus 1,87 metros.<\/p>\n\n\n\n<p>Es capaz de tirarse atr\u00e1s y conectar con el resto del equipo, pero donde es un\u00a0<em>killer\u00a0<\/em>es frente al arco: por algo tiene\u00a0<strong>m\u00e1s de 40 goles en el Porto en menos de dos temporadas completas<\/strong>, incluyendo cuatro tantos en la Champions League. Con su selecci\u00f3n el promedio de gol es casi de 0,5 (28 goles en 57 partidos al 18 de marzo de 2022). Se ha comentado que el Manchester United est\u00e1 detr\u00e1s de sus pasos, algo que ser\u00eda hist\u00f3rico para el f\u00fatbol de Ir\u00e1n.<\/p>\n\n\n\n<h4 class=\"wp-block-heading\">Historia de Ir\u00e1n en los mundiales<\/h4>\n\n\n\n<figure class=\"wp-block-table\"><table><thead><tr><td><strong>Edici\u00f3n<\/strong><\/td><td><strong>Sede<\/strong><\/td><td><strong>Puesto<\/strong><\/td><\/tr><\/thead><tbody><tr><td>1978<\/td><td>Argentina<\/td><td>14\u00b0<\/td><\/tr><tr><td>1998<\/td><td>Francia<\/td><td>20\u00b0<\/td><\/tr><tr><td>2006<\/td><td>Alemania<\/td><td>25\u00b0<\/td><\/tr><tr><td>2014<\/td><td>Brasil<\/td><td>28\u00b0<\/td><\/tr><tr><td>2018<\/td><td>Rusia<\/td><td>18\u00b0<\/td><\/tr><tr><td>2022<\/td><td>Qatar<\/td><td>&nbsp;<\/td><\/tr><\/tbody><\/table><\/figure>\n\n\n\n<figure class=\"wp-block-table\"><table><tbody><tr><td><strong>Mundiales disputados:<\/strong>&nbsp;6<\/td><\/tr><tr><td><strong>Mejor actuaci\u00f3n:<\/strong>&nbsp;14\u00b0 (1978)<\/td><\/tr><\/tbody><\/table><\/figure>\n\n\n\n<p><strong>R\u00e9cord en Mundiales:<\/strong> 2-4-9<br><strong>M\u00e1ximos goleadores en Mundiales:<\/strong> ocho jugadores anotaron un gol, incluido Karim Ansarifard en 2018.<br><strong>M\u00e1s partidos jugados en Mundiales:<\/strong> Mehdi Mahdavikia, Andranik Teymourian, Alireza Jahanbakhsh y Ehsan Hajsafi (6)<\/p>\n\n\n<div class=\"wp-block-image\">\n<figure class=\"aligncenter size-full\"><img decoding=\"async\" src=\"https:\/\/zmagazine.online\/wp-content\/uploads\/2022\/11\/62b64f412707d.jpeg\" alt=\"\" class=\"wp-image-3930\"\/><\/figure>\n<\/div>","protected":false},"excerpt":{"rendered":"<p>Capital:&nbsp;Teher\u00e1nPoblaci\u00f3n:&nbsp;86&nbsp;758&nbsp;304 habitantesIdioma:&nbsp;Persa&nbsp;&nbsp;&nbsp; &nbsp;&nbsp;&nbsp;&nbsp;&nbsp;&nbsp;&nbsp;&nbsp;&nbsp;&nbsp;&nbsp;&nbsp;&nbsp;&nbsp;&nbsp;&nbsp;&nbsp;&nbsp;&nbsp;&nbsp;&nbsp;&nbsp;&nbsp;&nbsp;&nbsp;&nbsp;&nbsp;&nbsp;&nbsp;&nbsp;&nbsp;&nbsp;&nbsp;Gentilicio:&nbsp;Iran\u00edForma de gobierno:&nbsp;&nbsp;Rep\u00fablica isl\u00e1mica presidencialista\u2022 L\u00edder Supremo:&nbsp;&nbsp;Al\u00ed Jamenei\u2022 Presidente:&nbsp;Ebrahim RaisiMoneda:&nbsp;Rial (IRR) En los \u00faltimos a\u00f1os,&nbsp;Ir\u00e1n&nbsp;termin\u00f3 de afirmarse como&nbsp;la potencia del f\u00fatbol asi\u00e1tico&nbsp;que hab\u00eda sido en la d\u00e9cada del 70, cuando gan\u00f3 tres copas continentales consecutivas y consigui\u00f3 un empate hist\u00f3rico ante Escocia en el Mundial de 1978. Ahora el&nbsp;Team Melli disputa&nbsp;su&nbsp;tercer Mundial consecutivo. [&hellip;]<\/p>\n","protected":false},"author":3,"featured_media":3931,"comment_status":"open","ping_status":"closed","sticky":false,"template":"","format":"standard","meta":{"_acf_changed":false,"footnotes":""},"categories":[266,268],"tags":[80,90,280],"class_list":["post-3925","post","type-post","status-publish","format-standard","has-post-thumbnail","hentry","category-especial-copa-del-mundo-2022","category-grupo-b","tag-deportes","tag-futbol","tag-mundial"],"acf":[],"_links":{"self":[{"href":"https:\/\/zmagazine.online\/index.php\/wp-json\/wp\/v2\/posts\/3925","targetHints":{"allow":["GET"]}}],"collection":[{"href":"https:\/\/zmagazine.online\/index.php\/wp-json\/wp\/v2\/posts"}],"about":[{"href":"https:\/\/zmagazine.online\/index.php\/wp-json\/wp\/v2\/types\/post"}],"author":[{"embeddable":true,"href":"https:\/\/zmagazine.online\/index.php\/wp-json\/wp\/v2\/users\/3"}],"replies":[{"embeddable":true,"href":"https:\/\/zmagazine.online\/index.php\/wp-json\/wp\/v2\/comments?post=3925"}],"version-history":[{"count":1,"href":"https:\/\/zmagazine.online\/index.php\/wp-json\/wp\/v2\/posts\/3925\/revisions"}],"predecessor-version":[{"id":3932,"href":"https:\/\/zmagazine.online\/index.php\/wp-json\/wp\/v2\/posts\/3925\/revisions\/3932"}],"wp:featuredmedia":[{"embeddable":true,"href":"https:\/\/zmagazine.online\/index.php\/wp-json\/wp\/v2\/media\/3931"}],"wp:attachment":[{"href":"https:\/\/zmagazine.online\/index.php\/wp-json\/wp\/v2\/media?parent=3925"}],"wp:term":[{"taxonomy":"category","embeddable":true,"href":"https:\/\/zmagazine.online\/index.php\/wp-json\/wp\/v2\/categories?post=3925"},{"taxonomy":"post_tag","embeddable":true,"href":"https:\/\/zmagazine.online\/index.php\/wp-json\/wp\/v2\/tags?post=3925"}],"curies":[{"name":"wp","href":"https:\/\/api.w.org\/{rel}","templated":true}]}}