{"id":3895,"date":"2022-11-15T01:35:20","date_gmt":"2022-11-15T06:35:20","guid":{"rendered":"https:\/\/zmagazine.online\/?p=3895"},"modified":"2022-11-15T01:36:08","modified_gmt":"2022-11-15T06:36:08","slug":"senegal","status":"publish","type":"post","link":"https:\/\/zmagazine.online\/index.php\/2022\/11\/15\/senegal\/","title":{"rendered":"SENEGAL"},"content":{"rendered":"\n<div class=\"wp-block-columns is-layout-flex wp-container-core-columns-is-layout-9d6595d7 wp-block-columns-is-layout-flex\">\n<div class=\"wp-block-column is-layout-flow wp-block-column-is-layout-flow\" style=\"flex-basis:50%\">\n<p><strong>Capital: <\/strong><strong>Dakar<\/strong><br><strong>Poblaci\u00f3n:<\/strong><strong> <\/strong>17&nbsp;923&nbsp;036 habitantes<br><strong>Idioma:<\/strong> Frances&nbsp;&nbsp;&nbsp;&nbsp;&nbsp;&nbsp;&nbsp;&nbsp;&nbsp;&nbsp;&nbsp;&nbsp;&nbsp;&nbsp;&nbsp;&nbsp;&nbsp;&nbsp;&nbsp;&nbsp;&nbsp;&nbsp;&nbsp;&nbsp;&nbsp;&nbsp;&nbsp;&nbsp;&nbsp;&nbsp;&nbsp;&nbsp;&nbsp;&nbsp;&nbsp;&nbsp;&nbsp;&nbsp;&nbsp;&nbsp;<br><strong>Gentilicio:<\/strong><strong> Senegal\u00e9s, esa<br><\/strong><strong>Forma de gobierno:<\/strong><strong>&nbsp;&nbsp;&nbsp;&nbsp; Rep\u00fablica semipresidencialista<\/strong><br><strong>\u2022 Presidente<\/strong><strong>&nbsp;&nbsp;&nbsp;&nbsp; Macky sall<\/strong><br><strong>\u2022 Primer Ministro<\/strong><strong> Amadou Ba<\/strong><br><strong>Moneda:<\/strong><strong> Franco CFA de \u00c1frica Occidental (FCFA, XOF)<\/strong><\/p>\n<\/div>\n\n\n\n<div class=\"wp-block-column is-layout-flow wp-block-column-is-layout-flow\" style=\"flex-basis:50%\">\n<figure class=\"wp-block-image size-large\"><img fetchpriority=\"high\" decoding=\"async\" width=\"1024\" height=\"1024\" src=\"https:\/\/zmagazine.online\/wp-content\/uploads\/2022\/11\/fsf-senegal-national-football-team-logo-1-1024x1024.png\" alt=\"\" class=\"wp-image-3897\" srcset=\"https:\/\/zmagazine.online\/wp-content\/uploads\/2022\/11\/fsf-senegal-national-football-team-logo-1-1024x1024.png 1024w, https:\/\/zmagazine.online\/wp-content\/uploads\/2022\/11\/fsf-senegal-national-football-team-logo-1-300x300.png 300w, https:\/\/zmagazine.online\/wp-content\/uploads\/2022\/11\/fsf-senegal-national-football-team-logo-1-150x150.png 150w, https:\/\/zmagazine.online\/wp-content\/uploads\/2022\/11\/fsf-senegal-national-football-team-logo-1-768x768.png 768w, https:\/\/zmagazine.online\/wp-content\/uploads\/2022\/11\/fsf-senegal-national-football-team-logo-1-1536x1536.png 1536w, https:\/\/zmagazine.online\/wp-content\/uploads\/2022\/11\/fsf-senegal-national-football-team-logo-1-2048x2048.png 2048w, https:\/\/zmagazine.online\/wp-content\/uploads\/2022\/11\/fsf-senegal-national-football-team-logo-1-60x60.png 60w\" sizes=\"(max-width: 1024px) 100vw, 1024px\" \/><\/figure>\n<\/div>\n<\/div>\n\n\n\n<p><strong>Senegal est\u00e1 viviendo un 2022 hist\u00f3rico<\/strong>: los&nbsp;<em>Leones de Teranga<\/em>&nbsp;lograron el primer t\u00edtulo de su historia al ganar la Copa Africana de Naciones en febrero y ahora lograron su<strong>&nbsp;tercera clasificaci\u00f3n mundialista<\/strong>, superando a otra potencia regional como Egipto en la fase final.<\/p>\n\n\n\n<p>A los dirigidos por&nbsp;<strong>Aliou Ciss\u00e9<\/strong>, que no solo por resultados sino tambi\u00e9n por nombres en su plantel como<strong>&nbsp;Sadio Man\u00e9, Edouard Mendy y Kalidou Koulibaly<\/strong>&nbsp;parecen la gran potencia de \u00c1frica en este momento, solo les falta confirmar a su&nbsp;<em>generaci\u00f3n de oro<\/em>&nbsp;con un gran Mundial. En&nbsp;<strong>Corea-Jap\u00f3n 2002<\/strong>&nbsp;tuvieron un papel inolvidable, derrotando a Francia en el partido inaugural y llegando hasta los<strong>&nbsp;cuartos de final<\/strong>. Repetir esa tarea no parece algo imposible.<\/p>\n\n\n\n<figure class=\"wp-block-image size-large\"><img decoding=\"async\" src=\"https:\/\/zmagazine.online\/wp-content\/uploads\/2022\/11\/aliou_cisse_senegal-1024x614.jpg\" alt=\"\" class=\"wp-image-3898\"\/><\/figure>\n\n\n\n<h4 class=\"wp-block-heading\">DT. Aliou Ciss\u00e9<\/h4>\n\n\n\n<p><strong>Nacionalidad:<\/strong>\u00a0senegal\u00e9s.<br><strong>Edad:<\/strong>\u00a046 a\u00f1os.<br><strong>Contratado:<\/strong>\u00a05 de marzo de 2015.<br><strong>R\u00e9cord en el cargo<\/strong>\u00a0<strong>(G-E-P):<\/strong>\u00a054-17-12.<br><strong>T\u00edtulos en el cargo:<\/strong>\u00a0Copa Africana de Naciones 2022.<br><strong>Victoria m\u00e1s notable:<\/strong>\u00a02-1 a Polonia, 1\u00b0 ronda del Mundial 2018<\/p>\n\n\n\n<p>A continuaci\u00f3n, los<strong>&nbsp;datos m\u00e1s importantes&nbsp;<\/strong>a saber de los senegaleses y su camino de clasificaci\u00f3n para el Mundial.<\/p>\n\n\n\n<h4 class=\"wp-block-heading\">El grupo de Senegal en el Mundial Qatar 2022<\/h4>\n\n\n\n<figure class=\"wp-block-image size-large\"><img decoding=\"async\" width=\"1024\" height=\"838\" src=\"https:\/\/zmagazine.online\/wp-content\/uploads\/2022\/11\/vecteezy_netherlands-qatar-ecuador-and-senegal-map-flag-group-a_12598322-1024x838.jpg\" alt=\"\" class=\"wp-image-3863\" srcset=\"https:\/\/zmagazine.online\/wp-content\/uploads\/2022\/11\/vecteezy_netherlands-qatar-ecuador-and-senegal-map-flag-group-a_12598322-1024x838.jpg 1024w, https:\/\/zmagazine.online\/wp-content\/uploads\/2022\/11\/vecteezy_netherlands-qatar-ecuador-and-senegal-map-flag-group-a_12598322-300x245.jpg 300w, https:\/\/zmagazine.online\/wp-content\/uploads\/2022\/11\/vecteezy_netherlands-qatar-ecuador-and-senegal-map-flag-group-a_12598322-768x628.jpg 768w, https:\/\/zmagazine.online\/wp-content\/uploads\/2022\/11\/vecteezy_netherlands-qatar-ecuador-and-senegal-map-flag-group-a_12598322-1536x1257.jpg 1536w, https:\/\/zmagazine.online\/wp-content\/uploads\/2022\/11\/vecteezy_netherlands-qatar-ecuador-and-senegal-map-flag-group-a_12598322.jpg 1920w\" sizes=\"(max-width: 1024px) 100vw, 1024px\" \/><\/figure>\n\n\n\n<figure class=\"wp-block-table\"><table><thead><tr><th scope=\"col\">Equipo<\/th><th scope=\"col\">Regi\u00f3n<\/th><th scope=\"col\">Ranking FIFA<\/th><th scope=\"col\">Participaciones previas<\/th><th scope=\"col\">Mejor resultado<\/th><\/tr><\/thead><tbody><tr><td>Qatar<\/td><td>Asia<\/td><td>50\u00b0<\/td><td>Ser\u00e1 su debut<\/td><td>&#8211;<\/td><\/tr><tr><td>Ecuador<\/td><td>Sudam\u00e9rica<\/td><td>44\u00b0<\/td><td>3<\/td><td>12\u00b0 (2006)<\/td><\/tr><tr><td><strong>Senegal<\/strong><\/td><td><strong>\u00c1frica<\/strong><\/td><td><strong>18\u00b0<\/strong><\/td><td><strong>2<\/strong><\/td><td><strong>7\u00b0 (2002)<\/strong><\/td><\/tr><tr><td>Pa\u00edses Bajos<\/td><td>Europa<\/td><td>8\u00b0<\/td><td>10<\/td><td>Subcampe\u00f3n (tres veces)<\/td><\/tr><\/tbody><\/table><\/figure>\n\n\n\n<h4 class=\"wp-block-heading\">Calendario y horarios de los partidos en el Mundial Qatar 2022<\/h4>\n\n\n\n<p><strong>21 de noviembre vs. Pa\u00edses Bajos:\u00a0<\/strong>10:00 CDMX | 11:00 Canc\u00fan<\/p>\n\n\n\n<p><strong>25 de noviembre vs. Qatar:\u00a0<\/strong>7:00 CDMX | 8:00 Canc\u00fan<\/p>\n\n\n\n<p><strong>29 de noviembre vs. Ecuador:\u00a0<\/strong>9:00 CDMX | 10:00 Canc\u00fan<\/p>\n\n\n\n<h4 class=\"wp-block-heading\">El presente de Senegal<\/h4>\n\n\n\n<p><strong>Ranking FIFA:<\/strong>&nbsp;18\u00b0 (octubre 2022).<\/p>\n\n\n\n<p><strong>\u00bfC\u00f3mo se clasific\u00f3 al Mundial?<\/strong>&nbsp;Venci\u00f3 en la llave decisiva a Egipto tras empatar 1-1 en el resultado global e imponerse 3-1 en la definici\u00f3n por penales.<\/p>\n\n\n\n<p><strong>Rendimiento en 2021&nbsp;(G-E-P)<\/strong>: 7-3-0 (21 GF, 6 GC, +15).<\/p>\n\n\n\n<p><strong>Rendimiento en 2022:&nbsp;<\/strong>13-3-3 (34 GF, 16 GC, +18).<\/p>\n\n\n\n<h4 class=\"wp-block-heading\">La lista de la Selecci\u00f3n de Senegal en el Mundial Qatar 2022<\/h4>\n\n\n\n<figure class=\"wp-block-image size-large\"><img decoding=\"async\" src=\"https:\/\/zmagazine.online\/wp-content\/uploads\/2022\/11\/r1028308_1296x729_16-9-1024x576.jpg\" alt=\"\" class=\"wp-image-3899\"\/><\/figure>\n\n\n\n<p>El viernes 11 de noviembre,&nbsp;<strong>Senegal confirm\u00f3 su lista de 26 jugadores<\/strong>, con la gran novedad de la inclusi\u00f3n de Man\u00e9 en la misma despu\u00e9s de asustar con su lesi\u00f3n en los d\u00edas previos.<\/p>\n\n\n\n<figure class=\"wp-block-table\"><table><thead><tr><th>Jugador<\/th><th>Posici\u00f3n<\/th><th>Club<\/th><\/tr><\/thead><tbody><tr><td>Edouard Mendy<\/td><td>Portero<\/td><td>Chelsea (Inglaterra)<\/td><\/tr><tr><td>Alfred Gomis<\/td><td>Portero<\/td><td>Rennes (Francia)<\/td><\/tr><tr><td>Seny Dieng&nbsp;<\/td><td>Portero<\/td><td>Queens Park Rangers (Inglaterra)<\/td><\/tr><tr><td>Kalidou Koulibaly<\/td><td>Defensor<\/td><td>Chelsea (Inglaterra)<\/td><\/tr><tr><td>Pape Abou Cisse<\/td><td>Defensor<\/td><td>Olympiacos (Grecia)<\/td><\/tr><tr><td>Abdou Diallo&nbsp;<\/td><td>Defensor<\/td><td>RB Leipzig (Alemania)<\/td><\/tr><tr><td>Fod\u00e9&nbsp;Ballo-Tour\u00e9<\/td><td>Defensor<\/td><td>Milan (Italia)<\/td><\/tr><tr><td>Formose Mendy<\/td><td>Defensor<\/td><td>Amiens (Francia)<\/td><\/tr><tr><td>Ismail Jakobs<\/td><td>Defensor<\/td><td>Monaco (Francia)<\/td><\/tr><tr><td>Youssouf Sabaly<\/td><td>Defensor<\/td><td>Betis (Espa\u00f1a)<\/td><\/tr><tr><td>Idrissa Gana Gueye<\/td><td>Mediocampista<\/td><td>Everton (Inglaterra)<\/td><\/tr><tr><td>Cheikhou Kouyat\u00e9<\/td><td>Mediocampista<\/td><td>Nottingham Forest (Inglaterra)<\/td><\/tr><tr><td>Nampalys Mendy<\/td><td>Mediocampista<\/td><td>Leicester City (Inglaterra)<\/td><\/tr><tr><td>Pape Gueye&nbsp;<\/td><td>Mediocampista<\/td><td>Marsella (Francia)<\/td><\/tr><tr><td>Pape Matar Sarr<\/td><td>Mediocampista<\/td><td>Tottenham (Inglaterra)<\/td><\/tr><tr><td>Mamadou Loum N&#8217;Diaye<\/td><td>Mediocampista<\/td><td>Reading (Inglaterra)<\/td><\/tr><tr><td>Moustapha Name<\/td><td>Mediocampista<\/td><td>Pafos (Chipre)<\/td><\/tr><tr><td>Pathe Ciss<\/td><td>Mediocampista<\/td><td>Rayo Vallecano (Espa\u00f1a)<\/td><\/tr><tr><td>Sadio Man\u00e9<\/td><td>Delantero<\/td><td>Bayern M\u00fanich (Alemania)<\/td><\/tr><tr><td>Ismalia Sarr<\/td><td>Delantero<\/td><td>Watford (Inglaterra)<\/td><\/tr><tr><td>Boulaye Dia<\/td><td>Delantero<\/td><td>Salernitana (Italia)<\/td><\/tr><tr><td>Bamba Dieng<\/td><td>Delantero<\/td><td>Marsella (Francia)<\/td><\/tr><tr><td>Iliman Ndiaye<\/td><td>Delantero<\/td><td>Sheffield United (Inglaterra)<\/td><\/tr><tr><td>Famara Diedhou<\/td><td>Delantero<\/td><td>Alanyaspor (Turqu\u00eda)<\/td><\/tr><tr><td>Krepin Diatta&nbsp;<\/td><td>Delantero<\/td><td>Monaco (Francia)<\/td><\/tr><tr><td>Nicolas Jackson<\/td><td>Delantero<\/td><td>Villarreal (Espa\u00f1a)<\/td><\/tr><\/tbody><\/table><\/figure>\n\n\n\n<h4 class=\"wp-block-heading\">Jugador a Seguir: Sadio Man\u00e9<\/h4>\n\n\n\n<p>No hay dudas de que\u00a0<strong>Sadio Man\u00e9<\/strong>\u00a0es la figura de Senegal, y por eso el delantero del\u00a0<strong>Bayern M\u00fanich<\/strong>\u00a0estuvo en el centro de escena d\u00edas antes de la confirmaci\u00f3n de la lista. Es que sufri\u00f3 una lesi\u00f3n en uno de los \u00faltimos partidos con los alemanes que muchos pensaron que lo alejar\u00eda de Qatar. Sin embargo, termin\u00f3 meti\u00e9ndose en la n\u00f3mina y vuelve a levantar la ilusi\u00f3n de su pa\u00eds. \u00bfLlegar\u00e1 al 100%? Una respuesta que tendremos a partir del 20 de noviembre. Lo concreto es que hablamos de\u00a0<strong>uno de los mejores delanteros del mundo: creativo, veloz, potente y totalmente resolutivo.\u00a0<\/strong><\/p>\n\n\n\n<figure class=\"wp-block-image size-full\"><img decoding=\"async\" src=\"https:\/\/zmagazine.online\/wp-content\/uploads\/2022\/11\/sadio-mane-with-senegal-2022-1-6149147-1668178668310.jpg\" alt=\"\" class=\"wp-image-3902\"\/><\/figure>\n\n\n\n<h4 class=\"wp-block-heading\">Historial de Senegal en Mundiales<\/h4>\n\n\n\n<figure class=\"wp-block-table\"><table><tbody><tr><td><strong>Edici\u00f3n<\/strong><\/td><td><strong>Sede<\/strong><\/td><td><strong>Posici\u00f3n<\/strong><\/td><\/tr><tr><td>2002<\/td><td>Corea y Jap\u00f3n<\/td><td>7\u00b0<br><\/td><\/tr><tr><td>2018<\/td><td>Rusia<\/td><td>17\u00b0<\/td><\/tr><tr><td><strong>Mundiales disputados:<\/strong>\u00a02<br><strong>Mejor actuaci\u00f3n:<\/strong>\u00a07\u00b0 (2002)<\/td><td><\/td><td><\/td><\/tr><\/tbody><\/table><\/figure>\n\n\n\n<p><\/p>\n\n\n\n<figure class=\"wp-block-image size-full\"><img decoding=\"async\" src=\"https:\/\/zmagazine.online\/wp-content\/uploads\/2022\/11\/6200a94561738.jpg\" alt=\"\" class=\"wp-image-3901\"\/><\/figure>\n\n\n\n<p>Fuente: <a href=\"https:\/\/www.sportingnews.com\/es\/futbol\/news\/seleccion-senegal-perfil-mundial-qatar-2022-lista-jugadores-grupo-partidos-figura-formacion-alineacion-estadisticas-historial\/ot4hcunlaebsvme7p7ghlio7\">Sportingnews<\/a><\/p>\n","protected":false},"excerpt":{"rendered":"<p>Capital: DakarPoblaci\u00f3n: 17&nbsp;923&nbsp;036 habitantesIdioma: Frances&nbsp;&nbsp;&nbsp;&nbsp;&nbsp;&nbsp;&nbsp;&nbsp;&nbsp;&nbsp;&nbsp;&nbsp;&nbsp;&nbsp;&nbsp;&nbsp;&nbsp;&nbsp;&nbsp;&nbsp;&nbsp;&nbsp;&nbsp;&nbsp;&nbsp;&nbsp;&nbsp;&nbsp;&nbsp;&nbsp;&nbsp;&nbsp;&nbsp;&nbsp;&nbsp;&nbsp;&nbsp;&nbsp;&nbsp;&nbsp;Gentilicio: Senegal\u00e9s, esaForma de gobierno:&nbsp;&nbsp;&nbsp;&nbsp; Rep\u00fablica semipresidencialista\u2022 Presidente&nbsp;&nbsp;&nbsp;&nbsp; Macky sall\u2022 Primer Ministro Amadou BaMoneda: Franco CFA de \u00c1frica Occidental (FCFA, XOF) Senegal est\u00e1 viviendo un 2022 hist\u00f3rico: los&nbsp;Leones de Teranga&nbsp;lograron el primer t\u00edtulo de su historia al ganar la Copa Africana de Naciones en febrero y ahora lograron su&nbsp;tercera clasificaci\u00f3n mundialista, [&hellip;]<\/p>\n","protected":false},"author":3,"featured_media":3896,"comment_status":"open","ping_status":"closed","sticky":false,"template":"","format":"standard","meta":{"_acf_changed":false,"footnotes":""},"categories":[266,267],"tags":[141,90,280],"class_list":["post-3895","post","type-post","status-publish","format-standard","has-post-thumbnail","hentry","category-especial-copa-del-mundo-2022","category-grupo-a","tag-deporte","tag-futbol","tag-mundial"],"acf":[],"_links":{"self":[{"href":"https:\/\/zmagazine.online\/index.php\/wp-json\/wp\/v2\/posts\/3895","targetHints":{"allow":["GET"]}}],"collection":[{"href":"https:\/\/zmagazine.online\/index.php\/wp-json\/wp\/v2\/posts"}],"about":[{"href":"https:\/\/zmagazine.online\/index.php\/wp-json\/wp\/v2\/types\/post"}],"author":[{"embeddable":true,"href":"https:\/\/zmagazine.online\/index.php\/wp-json\/wp\/v2\/users\/3"}],"replies":[{"embeddable":true,"href":"https:\/\/zmagazine.online\/index.php\/wp-json\/wp\/v2\/comments?post=3895"}],"version-history":[{"count":2,"href":"https:\/\/zmagazine.online\/index.php\/wp-json\/wp\/v2\/posts\/3895\/revisions"}],"predecessor-version":[{"id":3905,"href":"https:\/\/zmagazine.online\/index.php\/wp-json\/wp\/v2\/posts\/3895\/revisions\/3905"}],"wp:featuredmedia":[{"embeddable":true,"href":"https:\/\/zmagazine.online\/index.php\/wp-json\/wp\/v2\/media\/3896"}],"wp:attachment":[{"href":"https:\/\/zmagazine.online\/index.php\/wp-json\/wp\/v2\/media?parent=3895"}],"wp:term":[{"taxonomy":"category","embeddable":true,"href":"https:\/\/zmagazine.online\/index.php\/wp-json\/wp\/v2\/categories?post=3895"},{"taxonomy":"post_tag","embeddable":true,"href":"https:\/\/zmagazine.online\/index.php\/wp-json\/wp\/v2\/tags?post=3895"}],"curies":[{"name":"wp","href":"https:\/\/api.w.org\/{rel}","templated":true}]}}