{"id":3884,"date":"2022-11-14T22:55:57","date_gmt":"2022-11-15T03:55:57","guid":{"rendered":"https:\/\/zmagazine.online\/?p=3884"},"modified":"2022-11-14T22:56:56","modified_gmt":"2022-11-15T03:56:56","slug":"ecuador","status":"publish","type":"post","link":"https:\/\/zmagazine.online\/index.php\/2022\/11\/14\/ecuador\/","title":{"rendered":"ECUADOR"},"content":{"rendered":"\n<div class=\"wp-block-columns is-layout-flex wp-container-core-columns-is-layout-9d6595d7 wp-block-columns-is-layout-flex\">\n<div class=\"wp-block-column is-layout-flow wp-block-column-is-layout-flow\" style=\"flex-basis:50%\">\n<p><strong>Capital: <\/strong>Quito<br><strong>Poblaci\u00f3n: <\/strong>18\u00a0000\u00a0062 habitantes<br><strong>Idioma:<\/strong> Espa\u00f1ol\u00a0\u00a0\u00a0\u00a0\u00a0\u00a0\u00a0\u00a0\u00a0\u00a0\u00a0\u00a0\u00a0\u00a0\u00a0\u00a0\u00a0\u00a0\u00a0\u00a0\u00a0\u00a0\u00a0\u00a0\u00a0\u00a0\u00a0\u00a0\u00a0\u00a0<br><strong>Gentilicio: <\/strong>Ecuatoriano, a<br><strong>Forma de gobierno: <\/strong>Rep\u00fablica plurinacional, unitaria democr\u00e1tica descentralizada y presidencialista<br><strong>\u2022 Presidente:\u00a0 <\/strong>Guillermo Lasso<br><strong>\u2022 Vicepresidente: <\/strong>Alfredo Borrero<br><strong>Moneda: <\/strong>D\u00f3lar Estadounidense (USD)<\/p>\n<\/div>\n\n\n\n<div class=\"wp-block-column is-layout-flow wp-block-column-is-layout-flow\" style=\"flex-basis:50%\">\n<figure class=\"wp-block-image size-full\"><img fetchpriority=\"high\" decoding=\"async\" width=\"512\" height=\"512\" src=\"https:\/\/zmagazine.online\/wp-content\/uploads\/2022\/11\/Ecuador.png\" alt=\"\" class=\"wp-image-3886\" srcset=\"https:\/\/zmagazine.online\/wp-content\/uploads\/2022\/11\/Ecuador.png 512w, https:\/\/zmagazine.online\/wp-content\/uploads\/2022\/11\/Ecuador-300x300.png 300w, https:\/\/zmagazine.online\/wp-content\/uploads\/2022\/11\/Ecuador-150x150.png 150w, https:\/\/zmagazine.online\/wp-content\/uploads\/2022\/11\/Ecuador-60x60.png 60w\" sizes=\"(max-width: 512px) 100vw, 512px\" \/><\/figure>\n<\/div>\n<\/div>\n\n\n\n<p><strong>Qatar 2022&nbsp;<\/strong>ser\u00e1 la cuarta aventura mundialista para&nbsp;<strong>Ecuador<\/strong>, que m\u00e1s all\u00e1 de haber estado ausente en la \u00faltima Copa del Mundo de Rusia, se convirti\u00f3 en&nbsp;<strong>una fortaleza del f\u00fatbol sudamericano<\/strong>: sus cuatro clasificaciones llegaron en los \u00faltimos cinco Mundiales.<\/p>\n\n\n\n<p>Tambi\u00e9n ser\u00e1 la primera experiencia en la m\u00e1xima cita a nivel de selecciones para el entrenador argentino&nbsp;<strong>Gustavo Alfaro<\/strong>.&nbsp;<em>La Tri&nbsp;<\/em>y el director t\u00e9cnico nacido en Rafaela cruzaron sus caminos en 2020 y desde all\u00ed comenz\u00f3 un proyecto que parti\u00f3 desde un&nbsp;<em>scouting&nbsp;<\/em>de&nbsp;jugadores, de todos los niveles, seleccionables con los que pod\u00eda llegar a contar.<\/p>\n\n\n\n<figure class=\"wp-block-image size-large\"><img decoding=\"async\" src=\"https:\/\/zmagazine.online\/wp-content\/uploads\/2022\/11\/gustavo_alfaro2-1024x576.jpeg\" alt=\"\" class=\"wp-image-3885\"\/><\/figure>\n\n\n\n<h4 class=\"wp-block-heading\">DT. Gustavo Alfaro<\/h4>\n\n\n\n<p><strong>Nacionalidad:<\/strong>\u00a0argentina. <br><strong>Edad:<\/strong>\u00a059 a\u00f1os.<br><strong>Contratado:<\/strong>\u00a026 de agosto de 2020.<br><strong>R\u00e9cord en el cargo:<\/strong>\u00a0(G-E-P): 9-10-8.<br><strong>T\u00edtulos en el cargo:<\/strong>\u00a0Ninguno.<br><strong>Victoria m\u00e1s notable:<\/strong>\u00a06-1 sobre Colombia, Eliminatorias sudamericanas.<\/p>\n\n\n\n<p>El Ecuador que viajar\u00e1 a Oriente Medio mezclar\u00e1\u00a0<strong>hombres de experiencia con j\u00f3venes promesas<\/strong>\u00a0que hoy son realidades. Y es que ah\u00ed quiz\u00e1s est\u00e9 el principal atractivo de este equipo, el descubrir hasta d\u00f3nde pueden llegar jugadores que actualmente no superan los 24 a\u00f1os, pero que no s\u00f3lo son habituales titulares en el equipo nacional, sino tambi\u00e9n en los clubes que se desempe\u00f1an todas las semanas.<\/p>\n\n\n\n<h4 class=\"wp-block-heading\">El grupo de Ecuador en el Mundial Qatar 2022<\/h4>\n\n\n\n<figure class=\"wp-block-image size-large\"><img decoding=\"async\" width=\"1024\" height=\"838\" src=\"https:\/\/zmagazine.online\/wp-content\/uploads\/2022\/11\/vecteezy_netherlands-qatar-ecuador-and-senegal-map-flag-group-a_12598322-1024x838.jpg\" alt=\"\" class=\"wp-image-3863\" srcset=\"https:\/\/zmagazine.online\/wp-content\/uploads\/2022\/11\/vecteezy_netherlands-qatar-ecuador-and-senegal-map-flag-group-a_12598322-1024x838.jpg 1024w, https:\/\/zmagazine.online\/wp-content\/uploads\/2022\/11\/vecteezy_netherlands-qatar-ecuador-and-senegal-map-flag-group-a_12598322-300x245.jpg 300w, https:\/\/zmagazine.online\/wp-content\/uploads\/2022\/11\/vecteezy_netherlands-qatar-ecuador-and-senegal-map-flag-group-a_12598322-768x628.jpg 768w, https:\/\/zmagazine.online\/wp-content\/uploads\/2022\/11\/vecteezy_netherlands-qatar-ecuador-and-senegal-map-flag-group-a_12598322-1536x1257.jpg 1536w, https:\/\/zmagazine.online\/wp-content\/uploads\/2022\/11\/vecteezy_netherlands-qatar-ecuador-and-senegal-map-flag-group-a_12598322.jpg 1920w\" sizes=\"(max-width: 1024px) 100vw, 1024px\" \/><\/figure>\n\n\n\n<figure class=\"wp-block-table\"><table><thead><tr><td class=\"has-text-align-center\" data-align=\"center\"><strong>Grupo A<\/strong><\/td><\/tr><tr><td class=\"has-text-align-center\" data-align=\"center\"><strong>Equipo<\/strong><\/td><td><strong>Regi\u00f3n<\/strong><\/td><td><strong>Ranking FIFA<\/strong><\/td><td><strong>Participaciones previas<\/strong><\/td><td><strong>Mejor resultado<\/strong><\/td><\/tr><\/thead><tbody><tr><td class=\"has-text-align-center\" data-align=\"center\">Qatar<\/td><td>Asia<\/td><td>50\u00b0<\/td><td>Ser\u00e1 su debut<\/td><td>&#8211;<\/td><\/tr><tr><td class=\"has-text-align-center\" data-align=\"center\">Ecuador<\/td><td>Conmebol<\/td><td>44\u00b0<\/td><td>3<\/td><td>12\u00b0 (2006)<\/td><\/tr><tr><td class=\"has-text-align-center\" data-align=\"center\">Senegal<\/td><td>\u00c1frica<\/td><td>18\u00b0<\/td><td>2<\/td><td>7\u00b0 (2002)<\/td><\/tr><tr><td class=\"has-text-align-center\" data-align=\"center\">Pa\u00edses Bajos<\/td><td>UEFA<\/td><td>8\u00b0<\/td><td>10<\/td><td>Subcampe\u00f3n (tres veces)<\/td><\/tr><\/tbody><\/table><\/figure>\n\n\n\n<h4 class=\"wp-block-heading\">Calendario y horarios de los\u00a0partidos en el Mundial Qatar 2022<\/h4>\n\n\n\n<p><strong>20 de noviembre vs. Qatar:&nbsp;<\/strong>10:00 CDMX | 11:00 Canc\u00fan<\/p>\n\n\n\n<p><strong>25 de noviembre vs. Pa\u00edses Bajos:&nbsp;<\/strong>10:00 CDMX | 11:00 Canc\u00fan<\/p>\n\n\n\n<p><strong>29 de noviembre vs. Senegal:\u00a0<\/strong>9:00 CDMX | 10:00 Canc\u00fan<\/p>\n\n\n\n<h4 class=\"wp-block-heading\">El presente de Ecuador<\/h4>\n\n\n\n<p><strong>Ranking FIFA:<\/strong>&nbsp;44\u00b0 (octubre 2022).<\/p>\n\n\n\n<p><strong>\u00bfC\u00f3mo se clasific\u00f3 al Mundial?&nbsp;<\/strong>Se asegur\u00f3 un lugar entre los cuatro primeros de las Eliminatorias Sudamericanas.<\/p>\n\n\n\n<p><strong>Rendimiento en 2021<\/strong>&nbsp;(G-E-P): 6-6-6 (21 GF, 20 GC, +1).<\/p>\n\n\n\n<p><strong>Rendimiento en 2022:<\/strong>&nbsp;(G-E-P): 2-6-1 (6 GF, 6 GC, 0).<\/p>\n\n\n\n<h4 class=\"wp-block-heading\">La lista de la Selecci\u00f3n de Ecuador en el Mundial Qatar 2022<\/h4>\n\n\n\n<figure class=\"wp-block-image size-full\"><img decoding=\"async\" src=\"https:\/\/zmagazine.online\/wp-content\/uploads\/2022\/11\/ZDR6SPVUOJCZ5ILZVBXZTY7QWE.jpg\" alt=\"\" class=\"wp-image-3887\"\/><\/figure>\n\n\n\n<figure class=\"wp-block-table\"><table><thead><tr><td><strong>Jugador<\/strong><\/td><td><strong>Posici\u00f3n<\/strong><\/td><td><strong>Equipo<\/strong><\/td><\/tr><\/thead><tbody><tr><td>Mois\u00e9s Ram\u00edrez<\/td><td>Arquero<\/td><td>Independiente del Valle<\/td><\/tr><tr><td>Alexander Dom\u00ednguez<\/td><td>Arquero<\/td><td>LDU Quito<\/td><\/tr><tr><td>Hern\u00e1n Gal\u00edndez<\/td><td>Arquero<\/td><td>Aucas<\/td><\/tr><tr><td>Piero Hincapi\u00e9<\/td><td>Defensor<\/td><td>Bayer Leverkusen (Alemania)<\/td><\/tr><tr><td>Robert Arboleda<\/td><td>Defensor<\/td><td>S\u00e3o Paulo (Brasil)<\/td><\/tr><tr><td>Pervis Estupi\u00f1\u00e1n<\/td><td>Defensor<\/td><td>Brighton (Inglaterra)<\/td><\/tr><tr><td>Angelo Preciado<\/td><td>Defensor<\/td><td>KRC Genk (B\u00e9lgica)<\/td><\/tr><tr><td>Jackson Porozo<\/td><td>Defensor<\/td><td>Troyes (Francia)<\/td><\/tr><tr><td>Xavier Arreaga<\/td><td>Defensor<\/td><td>Seattle Sounders (Estados Unidos)<\/td><\/tr><tr><td>Diego Palacios<\/td><td>Defensor<\/td><td>LAFC (Estados Unidos)<\/td><\/tr><tr><td>F\u00e9lix Torres<\/td><td>Defensor<\/td><td>Santos (M\u00e9xico)<\/td><\/tr><tr><td>William Pacho<\/td><td>Defensor<\/td><td>Royal Amberes (B\u00e9lgica)<\/td><\/tr><tr><td>Carlos Gruezo<\/td><td>Mediocampista<\/td><td>Augsburgo (Alemania)<\/td><\/tr><tr><td>Jos\u00e9 Cifuentes<\/td><td>Mediocampista<\/td><td>LAFC (Estados Unidos)<\/td><\/tr><tr><td>Alan Franco<\/td><td>Mediocampista<\/td><td>Talleres (Argentina)<\/td><\/tr><tr><td>Mois\u00e9s Caicedo<\/td><td>Mediocampista<\/td><td>Brighton (Inglaterra)<\/td><\/tr><tr><td>\u00c1ngel Mena<\/td><td>Mediocampista<\/td><td>Le\u00f3n (M\u00e9xico)<\/td><\/tr><tr><td>Jeremy Sarmiento<\/td><td>Mediocampista<\/td><td>Brighton (Inglaterra)<\/td><\/tr><tr><td>Jhegson M\u00e9ndez<\/td><td>Mediocampista<\/td><td>LAFC (Estados Unidos)<\/td><\/tr><tr><td>Ayrton Preciado<\/td><td>Mediocampista<\/td><td>Santos (M\u00e9xico)<\/td><\/tr><tr><td>Gonzalo Plata<\/td><td>Mediocampista<\/td><td>Valladolid (Espa\u00f1a)<\/td><\/tr><tr><td>Romario Ibarra<\/td><td>Mediocampista<\/td><td>Pachuca (M\u00e9xico)<\/td><\/tr><tr><td>Djorkaeff Reasco<\/td><td>Delantero<\/td><td>Newell&#8217;s (Argentina)<\/td><\/tr><tr><td>Kevin Rodr\u00edguez<\/td><td>Delantero<\/td><td>Imbabura<\/td><\/tr><tr><td>Michael Estrada<\/td><td>Delantero<\/td><td>Cruz Azul (M\u00e9xico)<\/td><\/tr><tr><td>Enner Valencia<\/td><td>Delantero<\/td><td>Fenerbahce (Turqu\u00eda)<\/td><\/tr><\/tbody><\/table><\/figure>\n\n\n\n<h4 class=\"wp-block-heading\">Jugador a Seguir: Pervis Estupi\u00f1an<\/h4>\n\n\n\n<p><strong>Pervis Estupi\u00f1\u00e1n<\/strong>\u00a0representa las mejores cualidades del perfil de este\u00a0<strong>Ecuador<\/strong>\u00a0que volver\u00e1 a una Copa del Mundo despu\u00e9s de 8 a\u00f1os.\u00a0<strong>Joven, disciplinado, veloz y con una enorme voluntad<\/strong>, el lateral izquierdo es una de las promesas ecuatorianas que ya forman parte del presente exitoso del equipo que dirige<strong>\u00a0Gustavo Alfaro<\/strong>.\u00a0<em>La Bala<\/em>, tal su apodo gracias a las corridas por las bandas, actualmente se desempe\u00f1a en el\u00a0<strong>Brighton de la Premier League<\/strong>. M\u00e1s all\u00e1 de sus condiciones t\u00e9cnicas, buen dominio del bal\u00f3n, regates precisos y entradas quir\u00fargicas tambi\u00e9n es un gran valor desde el orden t\u00e1ctico.<\/p>\n\n\n\n<figure class=\"wp-block-image size-full\"><img decoding=\"async\" src=\"https:\/\/zmagazine.online\/wp-content\/uploads\/2022\/11\/PRG6KUDGYHIGTS7GQLOSCAOQHU.jpg\" alt=\"\" class=\"wp-image-3888\"\/><\/figure>\n\n\n\n<h4 class=\"wp-block-heading\">Historial de Ecuador en Mundiales<\/h4>\n\n\n\n<figure class=\"wp-block-table\"><table><tbody><tr><td>2002<\/td><td>Corea y Jap\u00f3n<\/td><td>24\u00b0<\/td><\/tr><tr><td>2006<\/td><td>Alemania<\/td><td>12\u00b0<\/td><\/tr><tr><td>2014<\/td><td>Brasil<\/td><td>17\u00b0<br><\/td><\/tr><tr><td><strong>Mundiales disputados:<\/strong>\u00a03<\/td><td><strong>Mejor actuaci\u00f3n:<\/strong>\u00a012\u00b0 (2006)<\/td><td><\/td><\/tr><\/tbody><\/table><\/figure>\n\n\n\n<p><strong>R\u00e9cord en Mundiales:<\/strong> 4-1-5<\/p>\n\n\n\n<p><strong>M\u00e1ximos goleadores en Mundiales: <\/strong>Agust\u00edn Delgado (3), Enner Valencia (3), Carlos Tenorio (2)<\/p>\n\n\n\n<p><strong>M\u00e1s partidos jugados en Mundiales:<\/strong> Edison M\u00e9ndez (8), Ulises de la Cruz (7), Antonio Valencia (7)<\/p>\n\n\n<div class=\"wp-block-image\">\n<figure class=\"aligncenter size-full\"><img decoding=\"async\" src=\"https:\/\/zmagazine.online\/wp-content\/uploads\/2022\/11\/62a219419fa71.jpeg\" alt=\"\" class=\"wp-image-3889\"\/><figcaption class=\"wp-element-caption\">Primer gol de Ecuador en Mundiales<\/figcaption><\/figure>\n<\/div>\n\n\n<p>Fuente: <a href=\"https:\/\/www.sportingnews.com\/mx\/futbol\/news\/seleccion-ecuador-perfil-mundial-qatar-2022-lista-jugadores-grupo-partidos-figura-formacion-alineacion-estadisticas-historial\/aquncqfmp48w77dtzmcspzs5\">Sportingnews<\/a><\/p>\n","protected":false},"excerpt":{"rendered":"<p>Capital: QuitoPoblaci\u00f3n: 18\u00a0000\u00a0062 habitantesIdioma: Espa\u00f1ol\u00a0\u00a0\u00a0\u00a0\u00a0\u00a0\u00a0\u00a0\u00a0\u00a0\u00a0\u00a0\u00a0\u00a0\u00a0\u00a0\u00a0\u00a0\u00a0\u00a0\u00a0\u00a0\u00a0\u00a0\u00a0\u00a0\u00a0\u00a0\u00a0\u00a0Gentilicio: Ecuatoriano, aForma de gobierno: Rep\u00fablica plurinacional, unitaria democr\u00e1tica descentralizada y presidencialista\u2022 Presidente:\u00a0 Guillermo Lasso\u2022 Vicepresidente: Alfredo BorreroMoneda: D\u00f3lar Estadounidense (USD) Qatar 2022&nbsp;ser\u00e1 la cuarta aventura mundialista para&nbsp;Ecuador, que m\u00e1s all\u00e1 de haber estado ausente en la \u00faltima Copa del Mundo de Rusia, se convirti\u00f3 en&nbsp;una fortaleza del f\u00fatbol sudamericano: sus [&hellip;]<\/p>\n","protected":false},"author":3,"featured_media":3890,"comment_status":"open","ping_status":"closed","sticky":false,"template":"","format":"standard","meta":{"_acf_changed":false,"footnotes":""},"categories":[266,267],"tags":[80,90,280],"class_list":["post-3884","post","type-post","status-publish","format-standard","has-post-thumbnail","hentry","category-especial-copa-del-mundo-2022","category-grupo-a","tag-deportes","tag-futbol","tag-mundial"],"acf":[],"_links":{"self":[{"href":"https:\/\/zmagazine.online\/index.php\/wp-json\/wp\/v2\/posts\/3884","targetHints":{"allow":["GET"]}}],"collection":[{"href":"https:\/\/zmagazine.online\/index.php\/wp-json\/wp\/v2\/posts"}],"about":[{"href":"https:\/\/zmagazine.online\/index.php\/wp-json\/wp\/v2\/types\/post"}],"author":[{"embeddable":true,"href":"https:\/\/zmagazine.online\/index.php\/wp-json\/wp\/v2\/users\/3"}],"replies":[{"embeddable":true,"href":"https:\/\/zmagazine.online\/index.php\/wp-json\/wp\/v2\/comments?post=3884"}],"version-history":[{"count":2,"href":"https:\/\/zmagazine.online\/index.php\/wp-json\/wp\/v2\/posts\/3884\/revisions"}],"predecessor-version":[{"id":3893,"href":"https:\/\/zmagazine.online\/index.php\/wp-json\/wp\/v2\/posts\/3884\/revisions\/3893"}],"wp:featuredmedia":[{"embeddable":true,"href":"https:\/\/zmagazine.online\/index.php\/wp-json\/wp\/v2\/media\/3890"}],"wp:attachment":[{"href":"https:\/\/zmagazine.online\/index.php\/wp-json\/wp\/v2\/media?parent=3884"}],"wp:term":[{"taxonomy":"category","embeddable":true,"href":"https:\/\/zmagazine.online\/index.php\/wp-json\/wp\/v2\/categories?post=3884"},{"taxonomy":"post_tag","embeddable":true,"href":"https:\/\/zmagazine.online\/index.php\/wp-json\/wp\/v2\/tags?post=3884"}],"curies":[{"name":"wp","href":"https:\/\/api.w.org\/{rel}","templated":true}]}}