{"id":3862,"date":"2022-11-14T21:50:23","date_gmt":"2022-11-15T02:50:23","guid":{"rendered":"https:\/\/zmagazine.online\/?p=3862"},"modified":"2022-11-14T21:58:38","modified_gmt":"2022-11-15T02:58:38","slug":"qatar","status":"publish","type":"post","link":"https:\/\/zmagazine.online\/index.php\/2022\/11\/14\/qatar\/","title":{"rendered":"QATAR"},"content":{"rendered":"\n<div class=\"wp-block-columns is-layout-flex wp-container-core-columns-is-layout-9d6595d7 wp-block-columns-is-layout-flex\">\n<div class=\"wp-block-column is-layout-flow wp-block-column-is-layout-flow\" style=\"flex-basis:66.67%\">\n<p><strong>Capital: <\/strong>Doha<strong><br>Poblaci\u00f3n: <\/strong>2&nbsp;641&nbsp;669&nbsp;habitantes<br><strong>Idioma:<\/strong> \u00c1rabe<br><strong>Gentilicio:  <\/strong>Catar\u00ed<strong><br>Forma de gobierno: <\/strong> Emirato absolutista<strong><br>\u2022 Emir:  <\/strong>Tamim bin Hamad Al Thani<strong><br>\u2022 Primer ministro:  <\/strong>Khalid bin Khalifa bin Abdul Aziz Al Thani<strong><br>Moneda: <\/strong>Riyal Catar\u00ed (QAR)<\/p>\n<\/div>\n\n\n\n<div class=\"wp-block-column is-layout-flow wp-block-column-is-layout-flow\" style=\"flex-basis:33.33%\">\n<figure class=\"wp-block-image size-full\"><img fetchpriority=\"high\" decoding=\"async\" width=\"920\" height=\"800\" src=\"https:\/\/zmagazine.online\/wp-content\/uploads\/2022\/11\/qatarpng.png\" alt=\"\" class=\"wp-image-3870\" srcset=\"https:\/\/zmagazine.online\/wp-content\/uploads\/2022\/11\/qatarpng.png 920w, https:\/\/zmagazine.online\/wp-content\/uploads\/2022\/11\/qatarpng-300x261.png 300w, https:\/\/zmagazine.online\/wp-content\/uploads\/2022\/11\/qatarpng-768x668.png 768w\" sizes=\"(max-width: 920px) 100vw, 920px\" \/><\/figure>\n<\/div>\n<\/div>\n\n\n\n<p><strong>Qatar<\/strong>&nbsp;tendr\u00e1 la gran cita con la&nbsp;<strong>Copa Mundial de la FIFA<\/strong>&nbsp;y gracias a que ser\u00e1 el pa\u00eds anfitri\u00f3n&nbsp;<strong>se producir\u00e1 su debut en Mundiales<\/strong>, pero a lo largo de los \u00faltimos a\u00f1os ha hecho m\u00e9ritos suficientes como para estar a la altura del evento.<\/p>\n\n\n\n<p>Y es que&nbsp;<strong>sumar experiencia ha sido el objetivo<\/strong>&nbsp;de los qatar\u00edes de cara a 2022 y vaya que se han puesto con menuda tarea. La Selecci\u00f3n se consagr\u00f3&nbsp;<strong>campeona de la \u00faltima Copa Asia en 2019<\/strong>, al ganarle en&nbsp;Jordania&nbsp;la final por 3-1 a&nbsp;<strong>Jap\u00f3n<\/strong>, y est\u00e1 clasificada a la de 2023 que se disputar\u00e1 en China.<\/p>\n\n\n\n<p>Pero hubo mucho m\u00e1s: en 2019 fue invitada de Conmebol&nbsp;para disputar la&nbsp;<strong>Copa Am\u00e9rica&nbsp;<\/strong>de&nbsp;<strong>Brasil<\/strong>, mientras que, en 2021, adem\u00e1s de jugar la Copa \u00c1rabe, particip\u00f3 de la&nbsp;<strong>Copa de Oro<\/strong>&nbsp;<strong>de la Concacaf&nbsp;<\/strong>que tuvo lugar en&nbsp;<strong>Estados Unidos y lleg\u00f3 nada menos que a las semifinales.<\/strong><\/p>\n\n\n\n<p>Adem\u00e1s de ganar su grupo en las eliminatorias asi\u00e1ticas para su Mundial -participaron porque sirvi\u00f3 como clasificatorio a la Copa Asia 2023- tambi\u00e9n, de alguna manera, formaron parte del grupo A de la&nbsp;<strong>UEFA<\/strong>. \u00bfC\u00f3mo fue eso? Jugaron 10 partidos amistosos con los cinco pa\u00edses que lo integraban.<\/p>\n\n\n\n<p>A continuaci\u00f3n, los<strong>&nbsp;datos m\u00e1s importantes&nbsp;<\/strong>a saber de los qatar\u00edes y su camino para el Mundial.<\/p>\n\n\n\n<h4 class=\"wp-block-heading\">El grupo de Qatar en el Mundial Qatar 2022<\/h4>\n\n\n\n<figure class=\"wp-block-image size-large\"><img decoding=\"async\" width=\"1024\" height=\"838\" src=\"https:\/\/zmagazine.online\/wp-content\/uploads\/2022\/11\/vecteezy_netherlands-qatar-ecuador-and-senegal-map-flag-group-a_12598322-1024x838.jpg\" alt=\"\" class=\"wp-image-3863\" srcset=\"https:\/\/zmagazine.online\/wp-content\/uploads\/2022\/11\/vecteezy_netherlands-qatar-ecuador-and-senegal-map-flag-group-a_12598322-1024x838.jpg 1024w, https:\/\/zmagazine.online\/wp-content\/uploads\/2022\/11\/vecteezy_netherlands-qatar-ecuador-and-senegal-map-flag-group-a_12598322-300x245.jpg 300w, https:\/\/zmagazine.online\/wp-content\/uploads\/2022\/11\/vecteezy_netherlands-qatar-ecuador-and-senegal-map-flag-group-a_12598322-768x628.jpg 768w, https:\/\/zmagazine.online\/wp-content\/uploads\/2022\/11\/vecteezy_netherlands-qatar-ecuador-and-senegal-map-flag-group-a_12598322-1536x1257.jpg 1536w, https:\/\/zmagazine.online\/wp-content\/uploads\/2022\/11\/vecteezy_netherlands-qatar-ecuador-and-senegal-map-flag-group-a_12598322.jpg 1920w\" sizes=\"(max-width: 1024px) 100vw, 1024px\" \/><\/figure>\n\n\n\n<figure class=\"wp-block-table\"><table><thead><tr><th scope=\"col\">Equipo<\/th><th scope=\"col\">Regi\u00f3n<\/th><th scope=\"col\">Ranking FIFA<\/th><th scope=\"col\">Participaciones previas<\/th><th scope=\"col\">Mejor resultado<\/th><\/tr><\/thead><tbody><tr><td>Qatar<\/td><td>Asia<\/td><td>50\u00b0<\/td><td>Ser\u00e1 su debut<\/td><td>&#8211;<\/td><\/tr><tr><td>Ecuador<\/td><td>Conmebol<\/td><td>44\u00b0<\/td><td>3<\/td><td>12\u00b0 (2006)<\/td><\/tr><tr><td>Senegal<\/td><td>\u00c1frica<\/td><td>18\u00b0<\/td><td>2<\/td><td>7\u00b0 (2002)<\/td><\/tr><tr><td>Pa\u00edses Bajos<\/td><td>UEFA<\/td><td>8\u00b0<\/td><td>10<\/td><td>Subcampe\u00f3n (tres veces)<\/td><\/tr><\/tbody><\/table><\/figure>\n\n\n\n<h4 class=\"wp-block-heading\"><strong>Calendario y horario de los partidos en el Mundial Qatar 2022<\/strong><\/h4>\n\n\n\n<p><strong>20 de noviembre vs. Ecuador:<\/strong>&nbsp;10:00 CDMX | 11:00 Canc\u00fan<\/p>\n\n\n\n<p><strong>25 de noviembre vs. Senegal:&nbsp;<\/strong>7:00 CDMX | 8:00 Canc\u00fan<\/p>\n\n\n\n<p><strong>29 de noviembre vs. Pa\u00edses Bajos:&nbsp;<\/strong>9:00 CDMX | 10:00 Canc\u00fan<\/p>\n\n\n\n<h4 class=\"wp-block-heading\"><strong>El presente de Qatar<\/strong><\/h4>\n\n\n\n<p><strong>Ranking FIFA:<\/strong>&nbsp;50\u00b0 (octubre 2022).<\/p>\n\n\n\n<p><strong>\u00bfC\u00f3mo se clasific\u00f3 al Mundial?<\/strong>&nbsp;Como organizador del evento.<\/p>\n\n\n\n<p><strong>Rendimiento en 2021<\/strong>&nbsp;<strong>(G-E-P):<\/strong>&nbsp;13-4-7 (40 GF, 36 GC, +4).<\/p>\n\n\n\n<p><strong>Rendimiento en 2022:&nbsp;<\/strong>1-4-2 (4 GF, 8 GC, -4).<\/p>\n\n\n\n<h4 class=\"wp-block-heading\">Jugador a seguir <\/h4>\n\n\n\n<p><strong>Akram Afif<\/strong>, un astuto extremo que jug\u00f3 anteriormente en el Villarreal, deber\u00e1 jugar si Qatar quiere hacer algo en este torneo.<\/p>\n\n\n\n<figure class=\"wp-block-image size-full\"><img decoding=\"async\" src=\"https:\/\/zmagazine.online\/wp-content\/uploads\/2022\/11\/Akram-Afif-age-position-salary-team-girlfriend-facts-football-Career.jpg\" alt=\"\" class=\"wp-image-3865\"\/><\/figure>\n\n\n\n<h4 class=\"wp-block-heading\">La lista de la Selecci\u00f3n de Qatar en el Mundial Qatar 2022<\/h4>\n\n\n\n<figure class=\"wp-block-image size-large\"><img decoding=\"async\" width=\"1024\" height=\"495\" src=\"https:\/\/zmagazine.online\/wp-content\/uploads\/2022\/11\/Seleccion-Qatar-1024x495.jpg\" alt=\"\" class=\"wp-image-3864\" srcset=\"https:\/\/zmagazine.online\/wp-content\/uploads\/2022\/11\/Seleccion-Qatar-1024x495.jpg 1024w, https:\/\/zmagazine.online\/wp-content\/uploads\/2022\/11\/Seleccion-Qatar-300x145.jpg 300w, https:\/\/zmagazine.online\/wp-content\/uploads\/2022\/11\/Seleccion-Qatar-768x372.jpg 768w, https:\/\/zmagazine.online\/wp-content\/uploads\/2022\/11\/Seleccion-Qatar-1536x743.jpg 1536w, https:\/\/zmagazine.online\/wp-content\/uploads\/2022\/11\/Seleccion-Qatar.jpg 1980w\" sizes=\"(max-width: 1024px) 100vw, 1024px\" \/><\/figure>\n\n\n\n<p>El viernes 11 de noviembre, Qatar present\u00f3 la convocatoria oficial con los 26 jugadores que jugar\u00e1n la Copa del Mundo.<\/p>\n\n\n\n<figure class=\"wp-block-table\"><table><thead><tr><td><strong>Jugador<\/strong><\/td><td><strong>Posici\u00f3n<\/strong><\/td><td><strong>Equipo<\/strong><\/td><\/tr><\/thead><tbody><tr><td>Saad Al Sheeb<\/td><td>Portero<\/td><td>Al-Sadd<\/td><\/tr><tr><td>Meshaal Barsham<\/td><td>Portero<\/td><td>Al-Sadd<\/td><\/tr><tr><td>Yousuf Hassan<\/td><td>Portero<\/td><td>Al-Gharafa<\/td><\/tr><tr><td>Pedro Miguel<\/td><td>Defensor<\/td><td>Al-Sadd<\/td><\/tr><tr><td>Musaab Khidir<\/td><td>Defensor<\/td><td>Al-Sadd<\/td><\/tr><tr><td>Tarek Salman<\/td><td>Defensor<\/td><td>Al-Sadd<\/td><\/tr><tr><td>Bassam Al Rawi<\/td><td>Defensor<\/td><td>Al-Duhail<\/td><\/tr><tr><td>Khoukhi Boualem<\/td><td>Defensor<\/td><td>Al-Sadd<\/td><\/tr><tr><td>Abdelkarim Hassan<\/td><td>Defensor<\/td><td>Al-Sadd<\/td><\/tr><tr><td>Homam Al Amin<\/td><td>Defensor<\/td><td>Al-Gharafa<\/td><\/tr><tr><td>Jassim Jabir<\/td><td>Defensor<\/td><td>Al-Waab<\/td><\/tr><tr><td>Ismaeel Mohammad<\/td><td>Mediocampista<\/td><td>Villarreal (Espa\u00f1a)<\/td><\/tr><tr><td>Ali Asad<\/td><td>Mediocampista<\/td><td>Al-Sadd<\/td><\/tr><tr><td>Mohammed Waad<\/td><td>Mediocampista<\/td><td>Al-Sadd<\/td><\/tr><tr><td>Salem Al Hajri<\/td><td>Mediocampista<\/td><td>Al-Sadd<\/td><\/tr><tr><td>Assim Madibo<\/td><td>Mediocampista<\/td><td>Al-Duhail<\/td><\/tr><tr><td>Mustafa Meshaal<\/td><td>Mediocampista<\/td><td>Al-Sadd<\/td><\/tr><tr><td>Karim Boudiaf<\/td><td>Mediocampista<\/td><td>Al-Duhail<\/td><\/tr><tr><td>Abdulaziz Hatim<\/td><td>Mediocampista<\/td><td>Al-Rayyan<\/td><\/tr><tr><td>Naif Al Hadhrami<\/td><td>Delantero<\/td><td>Al-Rayyan<\/td><\/tr><tr><td>Hassan Al Haydos<\/td><td>Delantero<\/td><td>Al-Sadd<\/td><\/tr><tr><td>Akram Afif<\/td><td>Delantero<\/td><td>Al-Sadd<\/td><\/tr><tr><td>Almoez Ali<\/td><td>Delantero<\/td><td>Al-Duhail<\/td><\/tr><tr><td>Mohammed Muntari<\/td><td>Delantero<\/td><td>Al-Duhail<\/td><\/tr><tr><td>Ahmed Alaa<\/td><td>Delantero<\/td><td>Al-Gharafa<\/td><\/tr><tr><td>Khalid Muneer<\/td><td>Delantero<\/td><td>Al-Wakrah<\/td><\/tr><\/tbody><\/table><\/figure>\n\n\n\n<p>Fuente: <a href=\"https:\/\/www.sportingnews.com\/mx\/futbol\/news\/seleccion-qatar-perfil-mundial-qatar-2022-lista-jugadores-grupo-partidos-figura-formacion-alineacion-estadisticas-historial\/uxssi5deko3a7o6ngehmaepm\">sportingnews<\/a><\/p>\n","protected":false},"excerpt":{"rendered":"<p>Capital: DohaPoblaci\u00f3n: 2&nbsp;641&nbsp;669&nbsp;habitantesIdioma: \u00c1rabeGentilicio: Catar\u00edForma de gobierno: Emirato absolutista\u2022 Emir: Tamim bin Hamad Al Thani\u2022 Primer ministro: Khalid bin Khalifa bin Abdul Aziz Al ThaniMoneda: Riyal Catar\u00ed (QAR) Qatar&nbsp;tendr\u00e1 la gran cita con la&nbsp;Copa Mundial de la FIFA&nbsp;y gracias a que ser\u00e1 el pa\u00eds anfitri\u00f3n&nbsp;se producir\u00e1 su debut en Mundiales, pero a lo largo de [&hellip;]<\/p>\n","protected":false},"author":3,"featured_media":3860,"comment_status":"open","ping_status":"closed","sticky":false,"template":"","format":"standard","meta":{"_acf_changed":false,"footnotes":""},"categories":[266,267],"tags":[80,90,280],"class_list":["post-3862","post","type-post","status-publish","format-standard","has-post-thumbnail","hentry","category-especial-copa-del-mundo-2022","category-grupo-a","tag-deportes","tag-futbol","tag-mundial"],"acf":[],"_links":{"self":[{"href":"https:\/\/zmagazine.online\/index.php\/wp-json\/wp\/v2\/posts\/3862","targetHints":{"allow":["GET"]}}],"collection":[{"href":"https:\/\/zmagazine.online\/index.php\/wp-json\/wp\/v2\/posts"}],"about":[{"href":"https:\/\/zmagazine.online\/index.php\/wp-json\/wp\/v2\/types\/post"}],"author":[{"embeddable":true,"href":"https:\/\/zmagazine.online\/index.php\/wp-json\/wp\/v2\/users\/3"}],"replies":[{"embeddable":true,"href":"https:\/\/zmagazine.online\/index.php\/wp-json\/wp\/v2\/comments?post=3862"}],"version-history":[{"count":5,"href":"https:\/\/zmagazine.online\/index.php\/wp-json\/wp\/v2\/posts\/3862\/revisions"}],"predecessor-version":[{"id":3873,"href":"https:\/\/zmagazine.online\/index.php\/wp-json\/wp\/v2\/posts\/3862\/revisions\/3873"}],"wp:featuredmedia":[{"embeddable":true,"href":"https:\/\/zmagazine.online\/index.php\/wp-json\/wp\/v2\/media\/3860"}],"wp:attachment":[{"href":"https:\/\/zmagazine.online\/index.php\/wp-json\/wp\/v2\/media?parent=3862"}],"wp:term":[{"taxonomy":"category","embeddable":true,"href":"https:\/\/zmagazine.online\/index.php\/wp-json\/wp\/v2\/categories?post=3862"},{"taxonomy":"post_tag","embeddable":true,"href":"https:\/\/zmagazine.online\/index.php\/wp-json\/wp\/v2\/tags?post=3862"}],"curies":[{"name":"wp","href":"https:\/\/api.w.org\/{rel}","templated":true}]}}