{"id":3641,"date":"2022-10-01T00:00:00","date_gmt":"2022-10-01T05:00:00","guid":{"rendered":"https:\/\/zmagazine.online\/?p=3641"},"modified":"2022-09-30T23:55:00","modified_gmt":"2022-10-01T04:55:00","slug":"nacho-peralta-el-corcel-indomable","status":"publish","type":"post","link":"https:\/\/zmagazine.online\/index.php\/2022\/10\/01\/nacho-peralta-el-corcel-indomable\/","title":{"rendered":"Nacho Peralta: El Corcel Indomable"},"content":{"rendered":"\n<p>Nacido en Nacajuca, Tabasco M\u00e9xico y adoptado como regiomontano; nace como artista en el a\u00f1o de 1996 en la ciudad de Canc\u00fan, Quintana Roo, a lado del famoso Grupo 7 Corceles; logrando colocarse en su primer disco con cuatro temas en el gusto del p\u00fablico: \u201c 4 lagrimas\u201d, \u201cCosas del Amor\u201d, \u201cLa \u00daltima Carta\u201d y \u201cTe Digo adi\u00f3s\u201d.<\/p>\n\n\n\n<figure class=\"wp-block-image size-full\"><img fetchpriority=\"high\" decoding=\"async\" width=\"845\" height=\"419\" src=\"https:\/\/zmagazine.online\/wp-content\/uploads\/2022\/09\/imag1.jpg\" alt=\"\" class=\"wp-image-3642\" srcset=\"https:\/\/zmagazine.online\/wp-content\/uploads\/2022\/09\/imag1.jpg 845w, https:\/\/zmagazine.online\/wp-content\/uploads\/2022\/09\/imag1-300x149.jpg 300w, https:\/\/zmagazine.online\/wp-content\/uploads\/2022\/09\/imag1-768x381.jpg 768w\" sizes=\"(max-width: 845px) 100vw, 845px\" \/><\/figure>\n\n\n\n<h4 class=\"wp-block-heading\">No todo es color de rosa, la vida de Nacho ha tenido grandes dificultades<\/h4>\n\n\n\n<blockquote class=\"wp-block-quote is-layout-flow wp-block-quote-is-layout-flow\"><p>A mi hijo le detectaron Leucemia en 2005, entonces se par\u00f3 la carrera. Es todo un proceso donde tuve que salir adelante.<\/p><cite>Nacho Peralta<\/cite><\/blockquote>\n\n\n\n<p>En el 2010 , grabando con AMC records de la CDMX. El tema de la Yakesita se coloc\u00f3 muy fuerte en el gusto de la gente.<\/p>\n\n\n\n<p>Tambi\u00e9n en el  2010, se lanza como solista y graba su primer disco titulado \u201cCabalgando en tu coraz\u00f3n\u201d, colocando en los primeros 10 temas de popularidad su primer sencillo titulado \u201cEl Alba\u00f1il\u201d y en su segundo material discogr\u00e1fico titulado \u201cEnam\u00f3rate de m\u00ed\u201d conquista la Uni\u00f3n Americana y diferentes estados del norte del pa\u00eds.<\/p>\n\n\n<div class=\"wp-block-image\">\n<figure class=\"aligncenter size-full\"><img decoding=\"async\" width=\"494\" height=\"630\" src=\"https:\/\/zmagazine.online\/wp-content\/uploads\/2022\/09\/cuaco.jpg\" alt=\"\" class=\"wp-image-3643\" srcset=\"https:\/\/zmagazine.online\/wp-content\/uploads\/2022\/09\/cuaco.jpg 494w, https:\/\/zmagazine.online\/wp-content\/uploads\/2022\/09\/cuaco-235x300.jpg 235w\" sizes=\"(max-width: 494px) 100vw, 494px\" \/><\/figure>\n<\/div>\n\n\n<p>Tiempo despu\u00e9s llega a Monterrey Nuevo Le\u00f3n, con su tercer disco titulado \u201cHomenaje a los grandes\u201d \u201cRam\u00f3n Ayala\u201d y \u201cCornelio Reyna\u201d. Nuevo Le\u00f3n adopta a Nacho Peralta como uno de los Grandes Cantautores del pueblo del g\u00e9nero norte\u00f1o regional, los medios de comunicaci\u00f3n radio, televisi\u00f3n y diarios del norte del pa\u00eds hablan de la gran aceptaci\u00f3n del p\u00fablico quienes le abren su coraz\u00f3n, y es as\u00ed como se extiende a los estados de Tamaulipas, Zacatecas, Durango, Torreo, Chihuahua.<\/p>\n\n\n\n<p>A trav\u00e9s de la redes sociales como lo pueden ver, ya empieza a traspasarfronteras y empieza a conquistar a todos los compatriotas que residen en los Estados Unidos: Houston, Nueva York, California, adem\u00e1s de Centro Am\u00e9rica, Sudam\u00e9rica.<\/p>\n\n\n<div class=\"wp-block-image\">\n<figure class=\"aligncenter size-large is-resized\"><img decoding=\"async\" src=\"https:\/\/zmagazine.online\/wp-content\/uploads\/2022\/09\/Nacho-Peralta-photo-4-2014-921x1024.jpg\" alt=\"\" class=\"wp-image-3644\" width=\"479\" height=\"533\" srcset=\"https:\/\/zmagazine.online\/wp-content\/uploads\/2022\/09\/Nacho-Peralta-photo-4-2014-921x1024.jpg 921w, https:\/\/zmagazine.online\/wp-content\/uploads\/2022\/09\/Nacho-Peralta-photo-4-2014-270x300.jpg 270w, https:\/\/zmagazine.online\/wp-content\/uploads\/2022\/09\/Nacho-Peralta-photo-4-2014-768x854.jpg 768w, https:\/\/zmagazine.online\/wp-content\/uploads\/2022\/09\/Nacho-Peralta-photo-4-2014-1382x1536.jpg 1382w, https:\/\/zmagazine.online\/wp-content\/uploads\/2022\/09\/Nacho-Peralta-photo-4-2014-1842x2048.jpg 1842w\" sizes=\"(max-width: 479px) 100vw, 479px\" \/><\/figure>\n<\/div>\n\n\n<p>La M\u00fasica me ha dado la opurtunidad de estar con gente muy amable. Hemos trabajado en EE.UU.: Houston, Nueva York, California<\/p>\n\n\n\n<p>Actualmente Nacho se encuentra en plena promoci\u00f3n de su nuevo sencillo \u00abDos botellas pa&#8217; olvidarla\u00bb el cual es un \u00e9xito en todo el sur de Estados Unidos y el norte del pais,  sin emabrgo uno de los sue\u00f1os de El Corcel Inmdomable es ser profeta en su tierra, por esa raz\u00f3n est\u00e1 echando toda la carne al asador y ya ha logrado posicionar el tema en los primeros lugares de las estasciones de radio gruperas de la ciudad y el sur del pais. <\/p>\n\n\n\n<p>\u00bfYa escuchaste el tema? ,  si aun no lo escuchas aqu\u00ed te lo dejamos: <\/p>\n\n\n\n<p> <\/p>\n\n\n\n<figure class=\"wp-block-embed is-type-video is-provider-youtube wp-block-embed-youtube wp-embed-aspect-16-9 wp-has-aspect-ratio\"><div class=\"wp-block-embed__wrapper\">\n<iframe title=\"DOS BOTELLAS PA&#039; OLVIDARLA- NACHO PERALTA EL CORCEL INDOMABLE\" width=\"1080\" height=\"608\" src=\"https:\/\/www.youtube.com\/embed\/jq8uRNWLZNE?feature=oembed\" frameborder=\"0\" allow=\"accelerometer; autoplay; clipboard-write; encrypted-media; gyroscope; picture-in-picture\" allowfullscreen><\/iframe>\n<\/div><\/figure>\n\n\n\n<p>Si quieres conocer mas de este gran artista,  te dejamos sus redes sociales y sus datos de contacto:<\/p>\n\n\n\n<p>Facebook: <a href=\"https:\/\/www.facebook.com\/NachoPeraltaElCorcellndomable\">Nacho Peralta \u00abEl Corcel Indomable\u00bb<\/a><\/p>\n\n\n\n<p>Tel\u00e9fono de contrataciones:  (998) 353.69.57<\/p>\n","protected":false},"excerpt":{"rendered":"<p>Nacido en Nacajuca, Tabasco M\u00e9xico y adoptado como regiomontano; nace como artista en el a\u00f1o de 1996 en la ciudad de Canc\u00fan, Quintana Roo, a lado del famoso Grupo 7 Corceles; logrando colocarse en su primer disco con cuatro temas en el gusto del p\u00fablico: \u201c 4 lagrimas\u201d, \u201cCosas del Amor\u201d, \u201cLa \u00daltima Carta\u201d y [&hellip;]<\/p>\n","protected":false},"author":3,"featured_media":3646,"comment_status":"open","ping_status":"closed","sticky":false,"template":"","format":"standard","meta":{"_acf_changed":false,"footnotes":""},"categories":[6],"tags":[230,107],"class_list":["post-3641","post","type-post","status-publish","format-standard","has-post-thumbnail","hentry","category-personalidades","tag-musica","tag-personalidades"],"acf":[],"_links":{"self":[{"href":"https:\/\/zmagazine.online\/index.php\/wp-json\/wp\/v2\/posts\/3641","targetHints":{"allow":["GET"]}}],"collection":[{"href":"https:\/\/zmagazine.online\/index.php\/wp-json\/wp\/v2\/posts"}],"about":[{"href":"https:\/\/zmagazine.online\/index.php\/wp-json\/wp\/v2\/types\/post"}],"author":[{"embeddable":true,"href":"https:\/\/zmagazine.online\/index.php\/wp-json\/wp\/v2\/users\/3"}],"replies":[{"embeddable":true,"href":"https:\/\/zmagazine.online\/index.php\/wp-json\/wp\/v2\/comments?post=3641"}],"version-history":[{"count":2,"href":"https:\/\/zmagazine.online\/index.php\/wp-json\/wp\/v2\/posts\/3641\/revisions"}],"predecessor-version":[{"id":3649,"href":"https:\/\/zmagazine.online\/index.php\/wp-json\/wp\/v2\/posts\/3641\/revisions\/3649"}],"wp:featuredmedia":[{"embeddable":true,"href":"https:\/\/zmagazine.online\/index.php\/wp-json\/wp\/v2\/media\/3646"}],"wp:attachment":[{"href":"https:\/\/zmagazine.online\/index.php\/wp-json\/wp\/v2\/media?parent=3641"}],"wp:term":[{"taxonomy":"category","embeddable":true,"href":"https:\/\/zmagazine.online\/index.php\/wp-json\/wp\/v2\/categories?post=3641"},{"taxonomy":"post_tag","embeddable":true,"href":"https:\/\/zmagazine.online\/index.php\/wp-json\/wp\/v2\/tags?post=3641"}],"curies":[{"name":"wp","href":"https:\/\/api.w.org\/{rel}","templated":true}]}}