{"id":1432,"date":"2021-05-01T06:13:15","date_gmt":"2021-05-01T11:13:15","guid":{"rendered":"https:\/\/zmagazine.online\/?p=1432"},"modified":"2021-05-01T16:38:42","modified_gmt":"2021-05-01T21:38:42","slug":"3-magicos-spots-que-visitar-en-yucatan","status":"publish","type":"post","link":"https:\/\/zmagazine.online\/index.php\/2021\/05\/01\/3-magicos-spots-que-visitar-en-yucatan\/","title":{"rendered":"3 M\u00e1gicos spots que visitar en Yucat\u00e1n"},"content":{"rendered":"\n<h2 class=\"wp-block-heading\">Izamal<\/h2>\n\n\n\n<p>Izamal es una hermosa ciudad colonial fundada a mediados del siglo XVI sobre los vestigios de una antigua ciudad maya. A este lugar se le conoce como \u00abCiudad de los Cerros\u00bb, rememorando las pir\u00e1mides cubiertas que se encontraban ah\u00ed a la llegada de los espa\u00f1oles, as\u00ed como \u00abLa Ciudad de las Tres Culturas\u00bb pues en ella se combinan rasgos de su pasado prehisp\u00e1nico, del per\u00edodo colonial y de la \u00e9poca actual.<\/p>\n\n\n\n<p>Actualmente, toda pintada de amarillo y blanco por voluntad de autoridades y vecinos, mantiene una imagen de elegancia y encanto de \u00e9pocas pasadas que la singularizan y definen con aire se\u00f1orial en el contexto regional. En sus pulcras calles estampadas, calesas tiradas por caballos llevan al visitante por un recorrido de encanto por sus plazas y parques y sus hist\u00f3ricos suburbios. De noche, la ciudad ofrece una experiencia singular, al contemplar una estrellada b\u00f3veda celeste recortada por los perfiles de sus pir\u00e1mides, templos y casonas coloniales; sombras que parecen despertar de un sue\u00f1o de centurias.<\/p>\n\n\n\n<p>Izamal se localiza a 262 km de la ciudad de Canc\u00fan.<\/p>\n\n\n\n<figure class=\"wp-block-image size-large\"><img fetchpriority=\"high\" decoding=\"async\" width=\"720\" height=\"480\" src=\"https:\/\/zmagazine.online\/wp-content\/uploads\/2021\/04\/IZAMAL.jpg\" alt=\"\" class=\"wp-image-1433\" srcset=\"https:\/\/zmagazine.online\/wp-content\/uploads\/2021\/04\/IZAMAL.jpg 720w, https:\/\/zmagazine.online\/wp-content\/uploads\/2021\/04\/IZAMAL-300x200.jpg 300w\" sizes=\"(max-width: 720px) 100vw, 720px\" \/><figcaption>Cr\u00e9dito de gr\u00e1fica Gobierno de Yucat\u00e1n<\/figcaption><\/figure>\n\n\n\n<p>Atractivos principales<\/p>\n\n\n\n<ul class=\"wp-block-list\"><li>Pir\u00e1mide Kinich Kakm\u00f3<\/li><\/ul>\n\n\n\n<p>Significa \u00abGuacamaya de Fuego con Rostro Solar\u00bb. Se interpreta que los mayas cre\u00edan que el dios Kinich bajaba en el ardor del sol del mediod\u00eda, para quemar y por tanto purificar los sacrificios o las ofrendas llevadas al pante\u00f3n maya, usando para ello la forma de una guacamaya. Es la m\u00e1s grande en superficie de la Pen\u00ednsula de Yucat\u00e1n y la tercera de M\u00e9xico despu\u00e9s de la del Sol en Teotihuac\u00e1n y Cholula en Puebla.<\/p>\n\n\n\n<ul class=\"wp-block-list\"><li>Pir\u00e1mide Tu\u2019Ul (El Conejo)<\/li><\/ul>\n\n\n\n<p>Fue explorada en 1994, cuando se determin\u00f3 que constaba de tres etapas constructivas, siendo la m\u00e1s temprana una peque\u00f1a plataforma rectangular de 3 metros de altura con muros verticales formados por grandes piedras labradas y esquinas en \u00e1ngulo recto. En la segunda etapa se cubri\u00f3 totalmente al edificio anterior y el nuevo basamento ten\u00eda dos cuerpos con sus muros en talud. Las dimensiones son de 30 metros de este a oeste, por 39 metros de norte a sur. En el tercer periodo constructivo la plataforma creci\u00f3. Sus muros presentan un ligero talud y sus esquinas son redondeadas, sin embargo, las piedras son de menor tama\u00f1o y presentan un mejor acabado, encontr\u00e1ndose entre escombros algunas de estilo Puuc, por lo que no ser\u00eda extra\u00f1o que las construcciones que se encontraban sobre la plataforma superior, de las cuales ya no quedan vestigios, fuesen de ese estilo. Aunque no se sabe con precisi\u00f3n la funci\u00f3n que ten\u00eda, pudo haber sido el basamento de la habitaci\u00f3n de alg\u00fan importante dignatario de la \u00e9poca maya.<\/p>\n\n\n\n<ul class=\"wp-block-list\"><li>Pir\u00e1mide Habuk<\/li><\/ul>\n\n\n\n<p>Su nombre significa \u00abVestido de Agua\u00bb. Es una estructura formada por una plataforma de 90 metros por un lado y 3.80 metros de altura, sobre la que se encuentra una plaza de 30 metros de largo por 25 metros de ancho, delimitada por cuatro edificios. Su primera etapa constructiva puede fecharse para el Cl\u00e1sico Temprano (250-600 a\u00f1os d.C.), y la segunda, durante el Cl\u00e1sico Terminal (800-1000 d.C.). En cuanto a las filiaciones cer\u00e1micas de Izamal, se puede considerar que datan del Precl\u00e1sico Medio (700-450 a.C.)<\/p>\n\n\n\n<ul class=\"wp-block-list\"><li>Pir\u00e1mide Itzamat\u00fal<\/li><\/ul>\n\n\n\n<p>Es la segunda construcci\u00f3n m\u00e1s grande e importante despu\u00e9s de Kinich Kakm\u00f3. Su nombre significa \u00abel que recibe o posee la gracia del cielo\u00bb. Era un templo dedicado a Zamn\u00e1. Tuvo tres periodos constructivos. El primero se caracteriza por ser un edificio de planta casi cuadrada, conformado por cuerpos escalonados con muros de talud, las esquinas est\u00e1n remitidas o redondeadas, t\u00edpicas de los edificios tempranos, alcanzando una altura de poco m\u00e1s de 20 mts. sobre el nivel de la calle. En el segundo periodo constructivo se realizaron importantes cambios, tanto estructurales como estil\u00edsticos, de tal manera que el primer edificio se encuentra cubierto por el segundo, y sus fachadas fueron modificadas totalmente. En la \u00faltima modificaci\u00f3n se le construy\u00f3 una gran plataforma que cubri\u00f3 las primeras edificaciones, cuyas dimensiones originales dif\u00edcilmente se pueden precisar, pero probablemente fueron de aproximadamente 120 metros por lado con una altura promedio de 9 metros. Fue construida entre los a\u00f1os 300 y 600 de nuestra era. Mide 22 metros de altura.<\/p>\n\n\n\n<ul class=\"wp-block-list\"><li>Luz y Sonido \u00abLa luz de los mayas\u00bb<\/li><\/ul>\n\n\n\n<p>El espect\u00e1culo se presenta en el incomparable escenario del atrio del convento franciscano de San Antonio de Padua. Consiste en proyectar en los arcos, debajo de la espada\u00f1a de la Tercera Orden, cuatro ventanas que miran al pasado y presente del esplendor de la cultura maya. Mezcla de manera perfecta un documental hist\u00f3rico relacionado con la presencia, rastros y obras de los mayas, con composiciones musicales dise\u00f1adas, sincronizadas y realizadas para este magno evento por m\u00fasicos int\u00e9rpretes de la regi\u00f3n y con cantos realizados por ni\u00f1os de origen Maya. Es una presentaci\u00f3n que conjugando imagen, sonidos y narraci\u00f3n transportan al espectador en el tiempo, hacia la pret\u00e9rita grandeza de los antiguos mayas.<\/p>\n\n\n\n<ul class=\"wp-block-list\"><li>Convento San Antonio de Padua<\/li><\/ul>\n\n\n\n<p>Esta es una de las edificaciones m\u00e1s importantes y majestuosas de Mesoam\u00e9rica, fundada en 1549 por el padre Fray Diego de Landa y los misioneros franciscanos. Est\u00e1 situado en la meseta del cerro mayor de la ciudad. Se sube a \u00e9l por medio de tres rampas construidas en sus lados libres. La rampa principal es de un solo cuerpo y est\u00e1 rematada en lo alto por una hermosa y sencilla portada que da acceso al atrio, de planta rectangular, con 75 arcos, que ocupa una extensi\u00f3n de terreno de 7,806.43 m2, es decir, poco m\u00e1s de la mitad del total del predio, lo que lo ubica como el atrio cerrado m\u00e1s grande de Am\u00e9rica y el segundo atrio cerrado m\u00e1s grande del mundo despu\u00e9s de la Plaza de San Pedro, en el Vaticano. En el interior del templo se encuentra un bello retablo de estilo barroco, cubierto con ba\u00f1o de oro. Muestra escenas que representan \u00abLa Muerte de Jes\u00fas\u00bb, \u00abEl Nacimiento\u00bb, \u00abLa visita de la Virgen a Santa Isabel\u00bb y \u00abLa visitaci\u00f3n del \u00e1ngel a Mar\u00eda\u00bb. En la parte de abajo, hay nichos que dejan observar las im\u00e1genes de \u00abSanta Luc\u00eda\u00bb, \u00abSan Antonio\u00bb, \u00abSan Francisco\u00bb y \u00abSan Jos\u00e9\u00bb. En la parte superior, se representa \u00abla Coronaci\u00f3n de la Virgen como Reina del Cielo\u00bb y abajo, la imagen de la Virgen de la Pur\u00edsima Concepci\u00f3n, escultura que fue tra\u00edda por Fray Diego de Landa desde Guatemala, que adem\u00e1s cuenta con un sencillo sistema de riel que comunica con el Camar\u00edn, espacio donde los fieles creyentes le demuestren su fe y devoci\u00f3n.<\/p>\n\n\n\n<p>Fuente:<\/p>\n\n\n\n<p><a href=\"http:\/\/www.yucatan.gob.mx\/?p=izamal\">http:\/\/www.yucatan.gob.mx\/?p=izamal<\/a><\/p>\n\n\n\n<h2 class=\"wp-block-heading\">Ek Balam<\/h2>\n\n\n\n<p>Ek\u00b4Balam (Estrella Jaguar) es una ciudad maya sumamente mistica, no parecida a ninguna de su tipo; en ella se esconden maravillosas inclusive hasta con tintes sobrenaturales. Tuvo su m\u00e1ximo desarrollo durante el Cl\u00e1sico Tard\u00edo\/Terminal (600-850\/900 d. C.) y que posiblemente fue sede del reino de \u00abTlalol\u00bb. El primer rey conocido de Ek\u00b4Balam es Ukit Kan Le\u00b4t Tok (el padre de las cuatro frentes de pedernal) quien fue el constructor de la mayor parte del suntuoso palacio que actualmente conocemos como Acr\u00f3polis y de muchas obras m\u00e1s. As\u00ed mismo, fue impulsor de los avances t\u00e9cnicos y culturales, al igual que de la riqueza arquitect\u00f3nica y decorativa, cuyo mejor ejemplo es la Estructura 35 Sub, localizada en el interior de la Acr\u00f3polis y conocida como Sak Xok Nahh (casa blanca de la lectura), que sirvi\u00f3 como tumba para Ukit Kan Le\u00b4t Tok, quien fue sepultado con una rica ofrenda conformada por m\u00e1s de 7,000 piezas como vasijas de cer\u00e1mica, objetos de concha, caracol y tumbaga.<\/p>\n\n\n\n<p>Ek Balam es un nombre en lengua maya yucateca, formado por los vocablos ek\u2019, con el que se denomina al color negro y que tambi\u00e9n significa \u201clucero\u201d o \u201cestrella\u201d; y balam, que quiere decir \u201cjaguar\u201d. Puede traducirse entonces como \u201cjaguar-oscuro-o negro\u201d. Sin embargo, algunos hablantes de maya en la regi\u00f3n tambi\u00e9n lo traducen como \u201clucero-jaguar\u201d. En la Relaci\u00f3n de Ek\u2019 Balam, escrita en 1579 por el encomendero Juan Guti\u00e9rrez Pic\u00f3n se menciona que el nombre del sitio proviene de un gran se\u00f1or que se llamaba Ek Balam o Coch Cal Balam, quien lo fund\u00f3 y gobern\u00f3 durante 40 a\u00f1os. Sin embargo, la evidencia arqueol\u00f3gica no nos ha proporcionado alguna prueba de la existencia de dicho personaje. Mientras que en el glifo emblema hallado en unos monumentos de piedra llamados Las Serpientes Jerogl\u00edficas, se menciona tal como el nombre del sitio en el Cl\u00e1sico.<\/p>\n\n\n\n<figure class=\"wp-block-image size-large\"><img decoding=\"async\" width=\"1024\" height=\"583\" src=\"https:\/\/zmagazine.online\/wp-content\/uploads\/2021\/04\/ekbalam2-1024x583.jpg\" alt=\"\" class=\"wp-image-1434\" srcset=\"https:\/\/zmagazine.online\/wp-content\/uploads\/2021\/04\/ekbalam2-1024x583.jpg 1024w, https:\/\/zmagazine.online\/wp-content\/uploads\/2021\/04\/ekbalam2-300x171.jpg 300w, https:\/\/zmagazine.online\/wp-content\/uploads\/2021\/04\/ekbalam2-768x437.jpg 768w, https:\/\/zmagazine.online\/wp-content\/uploads\/2021\/04\/ekbalam2-1536x875.jpg 1536w, https:\/\/zmagazine.online\/wp-content\/uploads\/2021\/04\/ekbalam2-2048x1166.jpg 2048w\" sizes=\"(max-width: 1024px) 100vw, 1024px\" \/><figcaption>Cr\u00e9dito de gr\u00e1fica Trover.com<\/figcaption><\/figure>\n\n\n\n<ul class=\"wp-block-list\"><li>Acceso<\/li><\/ul>\n\n\n\n<p>Se ubica a 180 kil\u00f3metros de Canc\u00fan, a unos siete kil\u00f3metros despu\u00e9s del poblado de Temoz\u00f3n se localiza una desviaci\u00f3n que conduce a Santa Rita; en dicho pueblo se toma el acceso norte y a unos 2 kil\u00f3metros de distancia otro desv\u00edo que conduce directamente a Ek Balam.<\/p>\n\n\n\n<ul class=\"wp-block-list\"><li>Horario<\/li><\/ul>\n\n\n\n<p>Lunes a domingo de 8 a 17 h.<\/p>\n\n\n\n<p>Horario de taquilla: de 8 a 16 h.<\/p>\n\n\n\n<p>El \u00faltimo acceso al sitio es a las 16 h<\/p>\n\n\n\n<p>Todos los d\u00edas del a\u00f1o.<\/p>\n\n\n\n<ul class=\"wp-block-list\"><li>Costo de acceso<\/li><\/ul>\n\n\n\n<p>Entrada general: 75 pesos.<\/p>\n\n\n\n<p>Importante: Adicionalmente el Gobierno del Estado a trav\u00e9s de la Agencia de Administraci\u00f3n Fiscal de Yucat\u00e1n cobra una admisi\u00f3n general de $338 y para los mexicanos que acrediten la nacionalidad mediante una identificaci\u00f3n oficial la admisi\u00f3n ser\u00e1 de $78.00. Las personas f\u00edsicas que acrediten la residencia en M\u00e9xico est\u00e1n exentos de este pago los domingos.<\/p>\n\n\n\n<ul class=\"wp-block-list\"><li>Contacto<\/li><\/ul>\n\n\n\n<p>Centro INAH Yucat\u00e1n: 01 (999) 9 13 40 34, ext. 398003 y 398080, y 01 (999) 9 44 40 68<\/p>\n\n\n\n<p><a href=\"mailto:direccion.yuc@inah.gob.mx\">direccion.yuc@inah.gob.mx<\/a><\/p>\n\n\n\n<ul class=\"wp-block-list\"><li>Fuente<\/li><\/ul>\n\n\n\n<p><a href=\"https:\/\/www.inah.gob.mx\/zonas\/21-zona-arqueologica-ek-balam\">https:\/\/www.inah.gob.mx\/zonas\/21-zona-arqueologica-ek-balam<\/a><\/p>\n\n\n\n<h2 class=\"wp-block-heading\">Grutas de Lolt\u00fan<\/h2>\n\n\n\n<p>Las grutas de Lolt\u00fan, son las m\u00e1s grandes y conocidas dentro del sistema de cavernas localizadas en la parte sur de Yucat\u00e1n, y han sido acondicionadas para realizar con seguridad un recorrido de aproximadamente 1,000 metros de longitud en su interior por medio de iluminados senderos, donde el visitante puede conocer la historia natural y cultura del \u00e1rea maya del norte en un per\u00edodo que abarca m\u00e1s de 10,000 a\u00f1os, desde el Pleistoceno hasta la \u00e9poca contempor\u00e1nea.<\/p>\n\n\n\n<p>En las diversas salas, galer\u00edas y rec\u00e1maras -a casi 60 m. de profundidad y a lo largo de m\u00e1s de 700 mts. de extensi\u00f3n- se han encontrado diversas piezas arqueol\u00f3gicas, cer\u00e1mica, artefactos de piedra, conchas marinas, petroglifos, correspondientes a la cultura maya en sus distintas etapas de desarrollo. Tambi\u00e9n se han hallado restos de fauna extinta, como huesos de mamut, bisonte y felino.<\/p>\n\n\n\n<p>Del per\u00edodo Precl\u00e1sico destaca el bajo relieve conocido como el Guerrero de Lolt\u00fan, ubicado en la entrada Nahkab (colmena), que parece estar emergiendo de las grutas y que se cree es el dios del inframundo. En esta sala, los metates que sirvieron para moler granos vegetales atestiguan la actividad humana que cobijaron sus muros.<\/p>\n\n\n\n<figure class=\"wp-block-image size-large\"><img decoding=\"async\" width=\"1024\" height=\"683\" src=\"https:\/\/zmagazine.online\/wp-content\/uploads\/2021\/04\/loltun-1024x683.jpg\" alt=\"\" class=\"wp-image-1435\" srcset=\"https:\/\/zmagazine.online\/wp-content\/uploads\/2021\/04\/loltun-1024x683.jpg 1024w, https:\/\/zmagazine.online\/wp-content\/uploads\/2021\/04\/loltun-300x200.jpg 300w, https:\/\/zmagazine.online\/wp-content\/uploads\/2021\/04\/loltun-768x512.jpg 768w, https:\/\/zmagazine.online\/wp-content\/uploads\/2021\/04\/loltun.jpg 1200w\" sizes=\"(max-width: 1024px) 100vw, 1024px\" \/><figcaption>Cr\u00e9dito de Gr\u00e1fica Sandra Salvad\u00f3<\/figcaption><\/figure>\n\n\n\n<p>De los per\u00edodos Cl\u00e1sico y Postcl\u00e1sico se pueden observar una serie de elementos culturales como pinturas rupestres con motivos de manos, rostros, animales, grecas o inscripciones y una gran variedad de petroglifos entre los que resaltan los de motivos de flores, de las cuales toma su nombre el lugar. Del siglo XIX hay barricadas construidas por rebeldes mayas que se refugiaron en varias grutas de la regi\u00f3n durante la llamada Guerra de Castas.<\/p>\n\n\n\n<p>Asimismo, se pueden admirar las muchas otras formaciones de traventinos que, por sus sugestivas y caprichosas formas, la imaginaci\u00f3n popular las ha bautizado con peculiares nombres como La Catedral, La Galer\u00eda del Ca\u00f1\u00f3n, La Mazorca de Ma\u00edz, El Cuarto de las Estalactitas, etc. Destacan por ejemplo, el sal\u00f3n denominado Cuarto de las Columnatas Musicales, formado por la uni\u00f3n de estalactitas y estalagmitas que cuando se golpean producen sonidos con distintas tonalidades, o una galer\u00eda con su b\u00f3veda desplomada, por cuya cavidad descienden las ra\u00edces de los \u00e1rboles y los rayos del sol.<\/p>\n\n\n\n<p>En una de sus cavidades, conocida como Huechil (del maya huech, armadillo), se realizaron excavaciones donde en sus niveles m\u00e1s bajos se hallaron restos de fauna extinta como huesos de mamut, de bisonte, y de un felino, que indican un per\u00edodo de clima fr\u00edo y de vegetaci\u00f3n distinta a la actual, caracter\u00edstica de un ambiente c\u00e1lido y h\u00famedo. Encima de estos hab\u00eda un nivel en el que aparecieron herramientas de piedra producidas por los primeros habitantes de la pen\u00ednsula.<\/p>\n\n\n\n<p>Estas grutas se encuentran situadas a 7 km. al suroeste de Oxkutzkab y a 24 km. al noroeste de las ruinas de Labn\u00e1 y a 403 km de la ciudad de Canc\u00fan.<\/p>\n\n\n\n<ul class=\"wp-block-list\"><li>Fuente<\/li><\/ul>\n\n\n\n<p><a href=\"https:\/\/www.yucatan.gob.mx\/?p=loltun\">https:\/\/www.yucatan.gob.mx\/?p=loltun<\/a><\/p>\n","protected":false},"excerpt":{"rendered":"<p>Izamal Izamal es una hermosa ciudad colonial fundada a mediados del siglo XVI sobre los vestigios de una antigua ciudad maya. A este lugar se le conoce como \u00abCiudad de los Cerros\u00bb, rememorando las pir\u00e1mides cubiertas que se encontraban ah\u00ed a la llegada de los espa\u00f1oles, as\u00ed como \u00abLa Ciudad de las Tres Culturas\u00bb pues [&hellip;]<\/p>\n","protected":false},"author":3,"featured_media":1435,"comment_status":"open","ping_status":"closed","sticky":false,"template":"","format":"standard","meta":{"_acf_changed":false,"footnotes":""},"categories":[2],"tags":[54,53,39,52],"class_list":["post-1432","post","type-post","status-publish","format-standard","has-post-thumbnail","hentry","category-lo","tag-arqueologia","tag-legares-magicos","tag-trip","tag-vacaciones"],"acf":[],"_links":{"self":[{"href":"https:\/\/zmagazine.online\/index.php\/wp-json\/wp\/v2\/posts\/1432","targetHints":{"allow":["GET"]}}],"collection":[{"href":"https:\/\/zmagazine.online\/index.php\/wp-json\/wp\/v2\/posts"}],"about":[{"href":"https:\/\/zmagazine.online\/index.php\/wp-json\/wp\/v2\/types\/post"}],"author":[{"embeddable":true,"href":"https:\/\/zmagazine.online\/index.php\/wp-json\/wp\/v2\/users\/3"}],"replies":[{"embeddable":true,"href":"https:\/\/zmagazine.online\/index.php\/wp-json\/wp\/v2\/comments?post=1432"}],"version-history":[{"count":1,"href":"https:\/\/zmagazine.online\/index.php\/wp-json\/wp\/v2\/posts\/1432\/revisions"}],"predecessor-version":[{"id":1436,"href":"https:\/\/zmagazine.online\/index.php\/wp-json\/wp\/v2\/posts\/1432\/revisions\/1436"}],"wp:featuredmedia":[{"embeddable":true,"href":"https:\/\/zmagazine.online\/index.php\/wp-json\/wp\/v2\/media\/1435"}],"wp:attachment":[{"href":"https:\/\/zmagazine.online\/index.php\/wp-json\/wp\/v2\/media?parent=1432"}],"wp:term":[{"taxonomy":"category","embeddable":true,"href":"https:\/\/zmagazine.online\/index.php\/wp-json\/wp\/v2\/categories?post=1432"},{"taxonomy":"post_tag","embeddable":true,"href":"https:\/\/zmagazine.online\/index.php\/wp-json\/wp\/v2\/tags?post=1432"}],"curies":[{"name":"wp","href":"https:\/\/api.w.org\/{rel}","templated":true}]}}